{"id":217,"date":"2023-11-13T11:54:37","date_gmt":"2023-11-13T10:54:37","guid":{"rendered":"https:\/\/blog.dooherceg.ba\/de\/?p=217"},"modified":"2024-02-07T15:59:26","modified_gmt":"2024-02-07T14:59:26","slug":"herceg-wood-ein-projekt-das-unsere-produktion-und-produktpalette-verbessern-wird","status":"publish","type":"post","link":"https:\/\/blog.dooherceg.ba\/de\/blog\/2023\/11\/13\/herceg-wood-ein-projekt-das-unsere-produktion-und-produktpalette-verbessern-wird\/","title":{"rendered":"HERCEG WOOD: Ein Projekt, das unsere Produktion und Produktpalette verbessern wird"},"content":{"rendered":"\n<p>In unserem Unternehmen HERCEG d.o.o. von Anfang an haben wir uns der Qualit\u00e4t bei der Herstellung von Fenstern und T\u00fcren verschrieben. Wir haben in der Branche hohe Standards gesetzt und verbessern uns st\u00e4ndig, um den Bed\u00fcrfnissen unserer Kunden gerecht zu werden. Jetzt gehen wir noch einen Schritt weiter und starten das HERCEG WOOD-Projekt.<\/p>\n\n\n\n<p>Dieses Projekt ist ein wichtiger Meilenstein in der Entwicklung unseres Unternehmens, denn wir erweitern unsere Produkte und f\u00fchren ein v\u00f6llig neues Material in das Produktionsprogramm ein \u2013 Holz. Holz galt einst als Symbol f\u00fcr Tradition und nat\u00fcrliche Eleganz, war jedoch weniger effizient und nachhaltig als Materialien wie PVC und Aluminium. Dank technologischer und materieller Innovationen ist Holz jedoch wieder zu einer attraktiven und wettbewerbsf\u00e4higen L\u00f6sung geworden.<\/p>\n\n\n\n<h3 class=\"wp-block-heading\">Analysen und Marktnachfrage: Start des HERCEG WOOD-Projekts<\/h3>\n\n\n\n<p>Die Entscheidung, das HERCEG WOOD-Projekt zu starten, wurde auf der Grundlage sorgf\u00e4ltiger Analysen und durchdachter Strategien getroffen. Mit unseren eigenen Ressourcen und unserem Wissen haben wir die Bed\u00fcrfnisse des Marktes und die Anforderungen unserer Kunden erkannt. Einer der Schl\u00fcsselfaktoren, die diese Entscheidung beeinflussten, war die wachsende Nachfrage nach Holzprodukten sowie der Holz-Aluminium-Kombination, die aufgrund ihrer \u00c4sthetik und Haltbarkeit beliebt geworden ist.<\/p>\n\n\n\n<p>Der Markt entwickelt und ver\u00e4ndert sich st\u00e4ndig und wir waren schon immer f\u00fchrend bei der Anpassung an neue Trends. Durch die Einf\u00fchrung von Holz- und Holz-Aluminium-Produkten k\u00f6nnen wir besser auf die Bed\u00fcrfnisse von Kunden eingehen, die die W\u00e4rme und nat\u00fcrliche \u00c4sthetik von Holz sch\u00e4tzen, aber auch die Vorteile von Aluminium wie Haltbarkeit und Effizienz nutzen m\u00f6chten.<\/p>\n\n\n\n<h3 class=\"wp-block-heading\"><strong>Technologische Fortschritte: Die vierte industrielle Revolution in der Fenster- und T\u00fcrenindustrie<\/strong><\/h3>\n\n\n\n<p>Auch dieses Projekt spiegelt den technologischen Fortschritt in der Fenster- und T\u00fcrenbranche wider. Dieser Fortschritt ist Teil der vierten industriellen Revolution, bei der Digitalisierung und Automatisierung von Produktionsprozessen zu einer effizienteren Produktion f\u00fchren. Durch den Einsatz moderner Technologien und Innovationen bei der Herstellung von Holzprodukten k\u00f6nnen wir unseren Kunden Produkte von hoher Qualit\u00e4t und Leistung anbieten und gleichzeitig die nat\u00fcrliche Sch\u00f6nheit des Holzes bewahren.<\/p>\n\n\n\n<h3 class=\"wp-block-heading\"><strong>Zeitrahmen und Ziele<\/strong><\/h3>\n\n\n\n<p>Das HERCEG WOOD-Projekt hat klar definierte Zeitrahmen und Projektphasen, die auf die Ziele und Ressourcen unseres Unternehmens abgestimmt sind. Der Abschluss aller Arbeiten und die Inbetriebnahme der Produktionsanlage f\u00fcr das HERCEG WOOD-Projekt ist f\u00fcr Ende des ersten Quartals 2024 geplant. <\/p>\n","protected":false},"excerpt":{"rendered":"<p>In unserem Unternehmen HERCEG d.o.o. von Anfang an haben wir uns der Qualit\u00e4t bei der Herstellung von Fenstern und T\u00fcren verschrieben. Wir haben in der Branche hohe Standards gesetzt und verbessern uns st\u00e4ndig, um den Bed\u00fcrfnissen unserer Kunden gerecht zu werden. Jetzt gehen wir noch einen Schritt weiter und starten das HERCEG WOOD-Projekt.<\/p>\n","protected":false},"author":2,"featured_media":262,"comment_status":"open","ping_status":"open","sticky":false,"template":"","format":"standard","meta":{"footnotes":""},"categories":[20],"tags":[36,38,39,37],"class_list":["post-217","post","type-post","status-publish","format-standard","has-post-thumbnail","hentry","category-holz","tag-herceg-holz","tag-holz","tag-holzfenster","tag-holzturen"],"yoast_head":"<!-- This site is optimized with the Yoast SEO plugin v27.1.1 - https:\/\/yoast.com\/product\/yoast-seo-wordpress\/ -->\n<title>HERCEG WOOD: Ein Projekt, das unsere Produktion und Produktpalette verbessern wird - Herceg d.o.o blog<\/title>\n<meta name=\"description\" content=\"Dieses Projekt ist ein wichtiger Meilenstein in der Entwicklung unseres Unternehmens, denn wir erweitern unsere Produkte und f\u00fchren ein v\u00f6llig neues Material in das Produktionsprogramm ein \u2013 Holz. Holz galt einst als Symbol f\u00fcr Tradition und nat\u00fcrliche Eleganz, war jedoch weniger effizient und nachhaltig als Materialien wie PVC und Aluminium. Dank technologischer und materieller Innovationen ist Holz jedoch wieder zu einer attraktiven und wettbewerbsf\u00e4higen L\u00f6sung geworden.\" \/>\n<meta name=\"robots\" content=\"index, follow, max-snippet:-1, max-image-preview:large, max-video-preview:-1\" \/>\n<link rel=\"canonical\" href=\"https:\/\/blog.dooherceg.ba\/de\/blog\/2023\/11\/13\/herceg-wood-ein-projekt-das-unsere-produktion-und-produktpalette-verbessern-wird\/\" \/>\n<meta property=\"og:locale\" content=\"de_DE\" \/>\n<meta property=\"og:type\" content=\"article\" \/>\n<meta property=\"og:title\" content=\"HERCEG WOOD: Ein Projekt, das unsere Produktion und Produktpalette verbessern wird - Herceg d.o.o blog\" \/>\n<meta property=\"og:description\" content=\"Dieses Projekt ist ein wichtiger Meilenstein in der Entwicklung unseres Unternehmens, denn wir erweitern unsere Produkte und f\u00fchren ein v\u00f6llig neues Material in das Produktionsprogramm ein \u2013 Holz. Holz galt einst als Symbol f\u00fcr Tradition und nat\u00fcrliche Eleganz, war jedoch weniger effizient und nachhaltig als Materialien wie PVC und Aluminium. Dank technologischer und materieller Innovationen ist Holz jedoch wieder zu einer attraktiven und wettbewerbsf\u00e4higen L\u00f6sung geworden.\" \/>\n<meta property=\"og:url\" content=\"https:\/\/blog.dooherceg.ba\/de\/blog\/2023\/11\/13\/herceg-wood-ein-projekt-das-unsere-produktion-und-produktpalette-verbessern-wird\/\" \/>\n<meta property=\"og:site_name\" content=\"Herceg d.o.o blog\" \/>\n<meta property=\"article:publisher\" content=\"https:\/\/www.facebook.com\/dooherceg\" \/>\n<meta property=\"article:published_time\" content=\"2023-11-13T10:54:37+00:00\" \/>\n<meta property=\"article:modified_time\" content=\"2024-02-07T14:59:26+00:00\" \/>\n<meta property=\"og:image\" content=\"https:\/\/blog.dooherceg.ba\/de\/wp-content\/uploads\/sites\/7\/2023\/11\/IMG_02041-scaled.jpg\" \/>\n\t<meta property=\"og:image:width\" content=\"2560\" \/>\n\t<meta property=\"og:image:height\" content=\"1701\" \/>\n\t<meta property=\"og:image:type\" content=\"image\/jpeg\" \/>\n<meta name=\"author\" content=\"Demir Kari\u0107\" \/>\n<meta name=\"twitter:card\" content=\"summary_large_image\" \/>\n<meta name=\"twitter:label1\" content=\"Verfasst von\" \/>\n\t<meta name=\"twitter:data1\" content=\"Demir Kari\u0107\" \/>\n\t<meta name=\"twitter:label2\" content=\"Gesch\u00e4tzte Lesezeit\" \/>\n\t<meta name=\"twitter:data2\" content=\"2\u00a0Minuten\" \/>\n<script type=\"application\/ld+json\" class=\"yoast-schema-graph\">{\"@context\":\"https:\/\/schema.org\",\"@graph\":[{\"@type\":\"Article\",\"@id\":\"https:\/\/blog.dooherceg.ba\/de\/blog\/2023\/11\/13\/herceg-wood-ein-projekt-das-unsere-produktion-und-produktpalette-verbessern-wird\/#article\",\"isPartOf\":{\"@id\":\"https:\/\/blog.dooherceg.ba\/de\/blog\/2023\/11\/13\/herceg-wood-ein-projekt-das-unsere-produktion-und-produktpalette-verbessern-wird\/\"},\"author\":{\"name\":\"Demir Kari\u0107\",\"@id\":\"https:\/\/blog.dooherceg.ba\/de\/#\/schema\/person\/1124bea66d6483e5ab66790781f364cf\"},\"headline\":\"HERCEG WOOD: Ein Projekt, das unsere Produktion und Produktpalette verbessern wird\",\"datePublished\":\"2023-11-13T10:54:37+00:00\",\"dateModified\":\"2024-02-07T14:59:26+00:00\",\"mainEntityOfPage\":{\"@id\":\"https:\/\/blog.dooherceg.ba\/de\/blog\/2023\/11\/13\/herceg-wood-ein-projekt-das-unsere-produktion-und-produktpalette-verbessern-wird\/\"},\"wordCount\":404,\"commentCount\":0,\"publisher\":{\"@id\":\"https:\/\/blog.dooherceg.ba\/de\/#organization\"},\"image\":{\"@id\":\"https:\/\/blog.dooherceg.ba\/de\/blog\/2023\/11\/13\/herceg-wood-ein-projekt-das-unsere-produktion-und-produktpalette-verbessern-wird\/#primaryimage\"},\"thumbnailUrl\":\"https:\/\/blog.dooherceg.ba\/de\/wp-content\/uploads\/sites\/7\/2023\/11\/IMG_02041-scaled.jpg\",\"keywords\":[\"Herceg-Holz\",\"Holz\",\"Holzfenster\",\"Holzt\u00fcren\"],\"articleSection\":[\"Holz\"],\"inLanguage\":\"de\",\"potentialAction\":[{\"@type\":\"CommentAction\",\"name\":\"Comment\",\"target\":[\"https:\/\/blog.dooherceg.ba\/de\/blog\/2023\/11\/13\/herceg-wood-ein-projekt-das-unsere-produktion-und-produktpalette-verbessern-wird\/#respond\"]}]},{\"@type\":\"WebPage\",\"@id\":\"https:\/\/blog.dooherceg.ba\/de\/blog\/2023\/11\/13\/herceg-wood-ein-projekt-das-unsere-produktion-und-produktpalette-verbessern-wird\/\",\"url\":\"https:\/\/blog.dooherceg.ba\/de\/blog\/2023\/11\/13\/herceg-wood-ein-projekt-das-unsere-produktion-und-produktpalette-verbessern-wird\/\",\"name\":\"HERCEG WOOD: Ein Projekt, das unsere Produktion und Produktpalette verbessern wird - Herceg d.o.o blog\",\"isPartOf\":{\"@id\":\"https:\/\/blog.dooherceg.ba\/de\/#website\"},\"primaryImageOfPage\":{\"@id\":\"https:\/\/blog.dooherceg.ba\/de\/blog\/2023\/11\/13\/herceg-wood-ein-projekt-das-unsere-produktion-und-produktpalette-verbessern-wird\/#primaryimage\"},\"image\":{\"@id\":\"https:\/\/blog.dooherceg.ba\/de\/blog\/2023\/11\/13\/herceg-wood-ein-projekt-das-unsere-produktion-und-produktpalette-verbessern-wird\/#primaryimage\"},\"thumbnailUrl\":\"https:\/\/blog.dooherceg.ba\/de\/wp-content\/uploads\/sites\/7\/2023\/11\/IMG_02041-scaled.jpg\",\"datePublished\":\"2023-11-13T10:54:37+00:00\",\"dateModified\":\"2024-02-07T14:59:26+00:00\",\"description\":\"Dieses Projekt ist ein wichtiger Meilenstein in der Entwicklung unseres Unternehmens, denn wir erweitern unsere Produkte und f\u00fchren ein v\u00f6llig neues Material in das Produktionsprogramm ein \u2013 Holz. Holz galt einst als Symbol f\u00fcr Tradition und nat\u00fcrliche Eleganz, war jedoch weniger effizient und nachhaltig als Materialien wie PVC und Aluminium. Dank technologischer und materieller Innovationen ist Holz jedoch wieder zu einer attraktiven und wettbewerbsf\u00e4higen L\u00f6sung geworden.\",\"breadcrumb\":{\"@id\":\"https:\/\/blog.dooherceg.ba\/de\/blog\/2023\/11\/13\/herceg-wood-ein-projekt-das-unsere-produktion-und-produktpalette-verbessern-wird\/#breadcrumb\"},\"inLanguage\":\"de\",\"potentialAction\":[{\"@type\":\"ReadAction\",\"target\":[\"https:\/\/blog.dooherceg.ba\/de\/blog\/2023\/11\/13\/herceg-wood-ein-projekt-das-unsere-produktion-und-produktpalette-verbessern-wird\/\"]}]},{\"@type\":\"ImageObject\",\"inLanguage\":\"de\",\"@id\":\"https:\/\/blog.dooherceg.ba\/de\/blog\/2023\/11\/13\/herceg-wood-ein-projekt-das-unsere-produktion-und-produktpalette-verbessern-wird\/#primaryimage\",\"url\":\"https:\/\/blog.dooherceg.ba\/de\/wp-content\/uploads\/sites\/7\/2023\/11\/IMG_02041-scaled.jpg\",\"contentUrl\":\"https:\/\/blog.dooherceg.ba\/de\/wp-content\/uploads\/sites\/7\/2023\/11\/IMG_02041-scaled.jpg\",\"width\":2560,\"height\":1701},{\"@type\":\"BreadcrumbList\",\"@id\":\"https:\/\/blog.dooherceg.ba\/de\/blog\/2023\/11\/13\/herceg-wood-ein-projekt-das-unsere-produktion-und-produktpalette-verbessern-wird\/#breadcrumb\",\"itemListElement\":[{\"@type\":\"ListItem\",\"position\":1,\"name\":\"Home\",\"item\":\"https:\/\/blog.dooherceg.ba\/de\/\"},{\"@type\":\"ListItem\",\"position\":2,\"name\":\"HERCEG WOOD: Ein Projekt, das unsere Produktion und Produktpalette verbessern wird\"}]},{\"@type\":\"WebSite\",\"@id\":\"https:\/\/blog.dooherceg.ba\/de\/#website\",\"url\":\"https:\/\/blog.dooherceg.ba\/de\/\",\"name\":\"Herceg d.o.o. blog\",\"description\":\"\",\"publisher\":{\"@id\":\"https:\/\/blog.dooherceg.ba\/de\/#organization\"},\"potentialAction\":[{\"@type\":\"SearchAction\",\"target\":{\"@type\":\"EntryPoint\",\"urlTemplate\":\"https:\/\/blog.dooherceg.ba\/de\/?s={search_term_string}\"},\"query-input\":{\"@type\":\"PropertyValueSpecification\",\"valueRequired\":true,\"valueName\":\"search_term_string\"}}],\"inLanguage\":\"de\"},{\"@type\":\"Organization\",\"@id\":\"https:\/\/blog.dooherceg.ba\/de\/#organization\",\"name\":\"Herceg d.o.o.\",\"url\":\"https:\/\/blog.dooherceg.ba\/de\/\",\"logo\":{\"@type\":\"ImageObject\",\"inLanguage\":\"de\",\"@id\":\"https:\/\/blog.dooherceg.ba\/de\/#\/schema\/logo\/image\/\",\"url\":\"https:\/\/blog.dooherceg.ba\/de\/wp-content\/uploads\/sites\/7\/2020\/12\/LOGO-HERCEG-transparent.png\",\"contentUrl\":\"https:\/\/blog.dooherceg.ba\/de\/wp-content\/uploads\/sites\/7\/2020\/12\/LOGO-HERCEG-transparent.png\",\"width\":1403,\"height\":971,\"caption\":\"Herceg d.o.o.\"},\"image\":{\"@id\":\"https:\/\/blog.dooherceg.ba\/de\/#\/schema\/logo\/image\/\"},\"sameAs\":[\"https:\/\/www.facebook.com\/dooherceg\",\"https:\/\/ba.linkedin.com\/company\/herceg-d-o-o-\",\"https:\/\/www.youtube.com\/channel\/UCHDln9nmssd__ol3YWafZHg\"]},{\"@type\":\"Person\",\"@id\":\"https:\/\/blog.dooherceg.ba\/de\/#\/schema\/person\/1124bea66d6483e5ab66790781f364cf\",\"name\":\"Demir Kari\u0107\",\"image\":{\"@type\":\"ImageObject\",\"inLanguage\":\"de\",\"@id\":\"https:\/\/blog.dooherceg.ba\/de\/#\/schema\/person\/image\/\",\"url\":\"https:\/\/secure.gravatar.com\/avatar\/83240fee59b0d0e95760ea750bcd6178e1812419573477ad6c670fa7452469d7?s=96&d=mm&r=g\",\"contentUrl\":\"https:\/\/secure.gravatar.com\/avatar\/83240fee59b0d0e95760ea750bcd6178e1812419573477ad6c670fa7452469d7?s=96&d=mm&r=g\",\"caption\":\"Demir Kari\u0107\"},\"sameAs\":[\"http:\/\/administrator@dooherceg.ba\"],\"url\":\"https:\/\/blog.dooherceg.ba\/de\/blog\/author\/demirk\/\"}]}<\/script>\n<!-- \/ Yoast SEO plugin. -->","yoast_head_json":{"title":"HERCEG WOOD: Ein Projekt, das unsere Produktion und Produktpalette verbessern wird - Herceg d.o.o blog","description":"Dieses Projekt ist ein wichtiger Meilenstein in der Entwicklung unseres Unternehmens, denn wir erweitern unsere Produkte und f\u00fchren ein v\u00f6llig neues Material in das Produktionsprogramm ein \u2013 Holz. Holz galt einst als Symbol f\u00fcr Tradition und nat\u00fcrliche Eleganz, war jedoch weniger effizient und nachhaltig als Materialien wie PVC und Aluminium. Dank technologischer und materieller Innovationen ist Holz jedoch wieder zu einer attraktiven und wettbewerbsf\u00e4higen L\u00f6sung geworden.","robots":{"index":"index","follow":"follow","max-snippet":"max-snippet:-1","max-image-preview":"max-image-preview:large","max-video-preview":"max-video-preview:-1"},"canonical":"https:\/\/blog.dooherceg.ba\/de\/blog\/2023\/11\/13\/herceg-wood-ein-projekt-das-unsere-produktion-und-produktpalette-verbessern-wird\/","og_locale":"de_DE","og_type":"article","og_title":"HERCEG WOOD: Ein Projekt, das unsere Produktion und Produktpalette verbessern wird - Herceg d.o.o blog","og_description":"Dieses Projekt ist ein wichtiger Meilenstein in der Entwicklung unseres Unternehmens, denn wir erweitern unsere Produkte und f\u00fchren ein v\u00f6llig neues Material in das Produktionsprogramm ein \u2013 Holz. Holz galt einst als Symbol f\u00fcr Tradition und nat\u00fcrliche Eleganz, war jedoch weniger effizient und nachhaltig als Materialien wie PVC und Aluminium. Dank technologischer und materieller Innovationen ist Holz jedoch wieder zu einer attraktiven und wettbewerbsf\u00e4higen L\u00f6sung geworden.","og_url":"https:\/\/blog.dooherceg.ba\/de\/blog\/2023\/11\/13\/herceg-wood-ein-projekt-das-unsere-produktion-und-produktpalette-verbessern-wird\/","og_site_name":"Herceg d.o.o blog","article_publisher":"https:\/\/www.facebook.com\/dooherceg","article_published_time":"2023-11-13T10:54:37+00:00","article_modified_time":"2024-02-07T14:59:26+00:00","og_image":[{"width":2560,"height":1701,"url":"https:\/\/blog.dooherceg.ba\/de\/wp-content\/uploads\/sites\/7\/2023\/11\/IMG_02041-scaled.jpg","type":"image\/jpeg"}],"author":"Demir Kari\u0107","twitter_card":"summary_large_image","twitter_misc":{"Verfasst von":"Demir Kari\u0107","Gesch\u00e4tzte Lesezeit":"2\u00a0Minuten"},"schema":{"@context":"https:\/\/schema.org","@graph":[{"@type":"Article","@id":"https:\/\/blog.dooherceg.ba\/de\/blog\/2023\/11\/13\/herceg-wood-ein-projekt-das-unsere-produktion-und-produktpalette-verbessern-wird\/#article","isPartOf":{"@id":"https:\/\/blog.dooherceg.ba\/de\/blog\/2023\/11\/13\/herceg-wood-ein-projekt-das-unsere-produktion-und-produktpalette-verbessern-wird\/"},"author":{"name":"Demir Kari\u0107","@id":"https:\/\/blog.dooherceg.ba\/de\/#\/schema\/person\/1124bea66d6483e5ab66790781f364cf"},"headline":"HERCEG WOOD: Ein Projekt, das unsere Produktion und Produktpalette verbessern wird","datePublished":"2023-11-13T10:54:37+00:00","dateModified":"2024-02-07T14:59:26+00:00","mainEntityOfPage":{"@id":"https:\/\/blog.dooherceg.ba\/de\/blog\/2023\/11\/13\/herceg-wood-ein-projekt-das-unsere-produktion-und-produktpalette-verbessern-wird\/"},"wordCount":404,"commentCount":0,"publisher":{"@id":"https:\/\/blog.dooherceg.ba\/de\/#organization"},"image":{"@id":"https:\/\/blog.dooherceg.ba\/de\/blog\/2023\/11\/13\/herceg-wood-ein-projekt-das-unsere-produktion-und-produktpalette-verbessern-wird\/#primaryimage"},"thumbnailUrl":"https:\/\/blog.dooherceg.ba\/de\/wp-content\/uploads\/sites\/7\/2023\/11\/IMG_02041-scaled.jpg","keywords":["Herceg-Holz","Holz","Holzfenster","Holzt\u00fcren"],"articleSection":["Holz"],"inLanguage":"de","potentialAction":[{"@type":"CommentAction","name":"Comment","target":["https:\/\/blog.dooherceg.ba\/de\/blog\/2023\/11\/13\/herceg-wood-ein-projekt-das-unsere-produktion-und-produktpalette-verbessern-wird\/#respond"]}]},{"@type":"WebPage","@id":"https:\/\/blog.dooherceg.ba\/de\/blog\/2023\/11\/13\/herceg-wood-ein-projekt-das-unsere-produktion-und-produktpalette-verbessern-wird\/","url":"https:\/\/blog.dooherceg.ba\/de\/blog\/2023\/11\/13\/herceg-wood-ein-projekt-das-unsere-produktion-und-produktpalette-verbessern-wird\/","name":"HERCEG WOOD: Ein Projekt, das unsere Produktion und Produktpalette verbessern wird - Herceg d.o.o blog","isPartOf":{"@id":"https:\/\/blog.dooherceg.ba\/de\/#website"},"primaryImageOfPage":{"@id":"https:\/\/blog.dooherceg.ba\/de\/blog\/2023\/11\/13\/herceg-wood-ein-projekt-das-unsere-produktion-und-produktpalette-verbessern-wird\/#primaryimage"},"image":{"@id":"https:\/\/blog.dooherceg.ba\/de\/blog\/2023\/11\/13\/herceg-wood-ein-projekt-das-unsere-produktion-und-produktpalette-verbessern-wird\/#primaryimage"},"thumbnailUrl":"https:\/\/blog.dooherceg.ba\/de\/wp-content\/uploads\/sites\/7\/2023\/11\/IMG_02041-scaled.jpg","datePublished":"2023-11-13T10:54:37+00:00","dateModified":"2024-02-07T14:59:26+00:00","description":"Dieses Projekt ist ein wichtiger Meilenstein in der Entwicklung unseres Unternehmens, denn wir erweitern unsere Produkte und f\u00fchren ein v\u00f6llig neues Material in das Produktionsprogramm ein \u2013 Holz. Holz galt einst als Symbol f\u00fcr Tradition und nat\u00fcrliche Eleganz, war jedoch weniger effizient und nachhaltig als Materialien wie PVC und Aluminium. Dank technologischer und materieller Innovationen ist Holz jedoch wieder zu einer attraktiven und wettbewerbsf\u00e4higen L\u00f6sung geworden.","breadcrumb":{"@id":"https:\/\/blog.dooherceg.ba\/de\/blog\/2023\/11\/13\/herceg-wood-ein-projekt-das-unsere-produktion-und-produktpalette-verbessern-wird\/#breadcrumb"},"inLanguage":"de","potentialAction":[{"@type":"ReadAction","target":["https:\/\/blog.dooherceg.ba\/de\/blog\/2023\/11\/13\/herceg-wood-ein-projekt-das-unsere-produktion-und-produktpalette-verbessern-wird\/"]}]},{"@type":"ImageObject","inLanguage":"de","@id":"https:\/\/blog.dooherceg.ba\/de\/blog\/2023\/11\/13\/herceg-wood-ein-projekt-das-unsere-produktion-und-produktpalette-verbessern-wird\/#primaryimage","url":"https:\/\/blog.dooherceg.ba\/de\/wp-content\/uploads\/sites\/7\/2023\/11\/IMG_02041-scaled.jpg","contentUrl":"https:\/\/blog.dooherceg.ba\/de\/wp-content\/uploads\/sites\/7\/2023\/11\/IMG_02041-scaled.jpg","width":2560,"height":1701},{"@type":"BreadcrumbList","@id":"https:\/\/blog.dooherceg.ba\/de\/blog\/2023\/11\/13\/herceg-wood-ein-projekt-das-unsere-produktion-und-produktpalette-verbessern-wird\/#breadcrumb","itemListElement":[{"@type":"ListItem","position":1,"name":"Home","item":"https:\/\/blog.dooherceg.ba\/de\/"},{"@type":"ListItem","position":2,"name":"HERCEG WOOD: Ein Projekt, das unsere Produktion und Produktpalette verbessern wird"}]},{"@type":"WebSite","@id":"https:\/\/blog.dooherceg.ba\/de\/#website","url":"https:\/\/blog.dooherceg.ba\/de\/","name":"Herceg d.o.o. blog","description":"","publisher":{"@id":"https:\/\/blog.dooherceg.ba\/de\/#organization"},"potentialAction":[{"@type":"SearchAction","target":{"@type":"EntryPoint","urlTemplate":"https:\/\/blog.dooherceg.ba\/de\/?s={search_term_string}"},"query-input":{"@type":"PropertyValueSpecification","valueRequired":true,"valueName":"search_term_string"}}],"inLanguage":"de"},{"@type":"Organization","@id":"https:\/\/blog.dooherceg.ba\/de\/#organization","name":"Herceg d.o.o.","url":"https:\/\/blog.dooherceg.ba\/de\/","logo":{"@type":"ImageObject","inLanguage":"de","@id":"https:\/\/blog.dooherceg.ba\/de\/#\/schema\/logo\/image\/","url":"https:\/\/blog.dooherceg.ba\/de\/wp-content\/uploads\/sites\/7\/2020\/12\/LOGO-HERCEG-transparent.png","contentUrl":"https:\/\/blog.dooherceg.ba\/de\/wp-content\/uploads\/sites\/7\/2020\/12\/LOGO-HERCEG-transparent.png","width":1403,"height":971,"caption":"Herceg d.o.o."},"image":{"@id":"https:\/\/blog.dooherceg.ba\/de\/#\/schema\/logo\/image\/"},"sameAs":["https:\/\/www.facebook.com\/dooherceg","https:\/\/ba.linkedin.com\/company\/herceg-d-o-o-","https:\/\/www.youtube.com\/channel\/UCHDln9nmssd__ol3YWafZHg"]},{"@type":"Person","@id":"https:\/\/blog.dooherceg.ba\/de\/#\/schema\/person\/1124bea66d6483e5ab66790781f364cf","name":"Demir Kari\u0107","image":{"@type":"ImageObject","inLanguage":"de","@id":"https:\/\/blog.dooherceg.ba\/de\/#\/schema\/person\/image\/","url":"https:\/\/secure.gravatar.com\/avatar\/83240fee59b0d0e95760ea750bcd6178e1812419573477ad6c670fa7452469d7?s=96&d=mm&r=g","contentUrl":"https:\/\/secure.gravatar.com\/avatar\/83240fee59b0d0e95760ea750bcd6178e1812419573477ad6c670fa7452469d7?s=96&d=mm&r=g","caption":"Demir Kari\u0107"},"sameAs":["http:\/\/administrator@dooherceg.ba"],"url":"https:\/\/blog.dooherceg.ba\/de\/blog\/author\/demirk\/"}]}},"_links":{"self":[{"href":"https:\/\/blog.dooherceg.ba\/de\/wp-json\/wp\/v2\/posts\/217","targetHints":{"allow":["GET"]}}],"collection":[{"href":"https:\/\/blog.dooherceg.ba\/de\/wp-json\/wp\/v2\/posts"}],"about":[{"href":"https:\/\/blog.dooherceg.ba\/de\/wp-json\/wp\/v2\/types\/post"}],"author":[{"embeddable":true,"href":"https:\/\/blog.dooherceg.ba\/de\/wp-json\/wp\/v2\/users\/2"}],"replies":[{"embeddable":true,"href":"https:\/\/blog.dooherceg.ba\/de\/wp-json\/wp\/v2\/comments?post=217"}],"version-history":[{"count":10,"href":"https:\/\/blog.dooherceg.ba\/de\/wp-json\/wp\/v2\/posts\/217\/revisions"}],"predecessor-version":[{"id":348,"href":"https:\/\/blog.dooherceg.ba\/de\/wp-json\/wp\/v2\/posts\/217\/revisions\/348"}],"wp:featuredmedia":[{"embeddable":true,"href":"https:\/\/blog.dooherceg.ba\/de\/wp-json\/wp\/v2\/media\/262"}],"wp:attachment":[{"href":"https:\/\/blog.dooherceg.ba\/de\/wp-json\/wp\/v2\/media?parent=217"}],"wp:term":[{"taxonomy":"category","embeddable":true,"href":"https:\/\/blog.dooherceg.ba\/de\/wp-json\/wp\/v2\/categories?post=217"},{"taxonomy":"post_tag","embeddable":true,"href":"https:\/\/blog.dooherceg.ba\/de\/wp-json\/wp\/v2\/tags?post=217"}],"curies":[{"name":"wp","href":"https:\/\/api.w.org\/{rel}","templated":true}]}}