{"id":104,"date":"2018-04-24T08:56:00","date_gmt":"2018-04-24T06:56:00","guid":{"rendered":"https:\/\/blog.dooherceg.ba\/fr\/?p=104"},"modified":"2024-02-01T12:29:06","modified_gmt":"2024-02-01T11:29:06","slug":"celebration-18e-anniversaire-production-premiere-fenetre-pvc","status":"publish","type":"post","link":"https:\/\/blog.dooherceg.ba\/fr\/blog\/2018\/04\/24\/celebration-18e-anniversaire-production-premiere-fenetre-pvc\/","title":{"rendered":"C\u00e9l\u00e9bration du 18e anniversaire de la production de la premi\u00e8re fen\u00eatre en PVC"},"content":{"rendered":"\n<p>Nous sommes heureux d\u2019annoncer le 18e anniversaire de la production de la premi\u00e8re fen\u00eatre en PVC et de la collaboration avec Trocal (Profine Group).<\/p>\n\n\n\n<p>En 1995, les premiers contacts ont \u00e9t\u00e9 \u00e9tablis avec le fabricant de profils PVC TROCAL, \u00e0 l\u2019occasion d\u2019une r\u00e9union organis\u00e9e le 7 d\u00e9cembre 1995 \u00e0 Zagreb. Cette r\u00e9union a \u00e9t\u00e9 assist\u00e9e par un repr\u00e9sentant de Trocal, Heinz Doppler, et Mustafa Herceg, co-propri\u00e9taire de Herceg Srebrenik.<\/p>\n\n\n<div class=\"wp-block-image\">\n<figure class=\"alignright size-large is-resized\"><img loading=\"lazy\" decoding=\"async\" width=\"454\" height=\"150\" src=\"https:\/\/blog.dooherceg.ba\/fr\/wp-content\/uploads\/sites\/9\/2020\/12\/godisnjica.png\" alt=\"18e anniversaire\" class=\"wp-image-106\" style=\"width:429px;height:142px\" srcset=\"https:\/\/blog.dooherceg.ba\/fr\/wp-content\/uploads\/sites\/9\/2020\/12\/godisnjica.png 454w, https:\/\/blog.dooherceg.ba\/fr\/wp-content\/uploads\/sites\/9\/2020\/12\/godisnjica-300x99.png 300w, https:\/\/blog.dooherceg.ba\/fr\/wp-content\/uploads\/sites\/9\/2020\/12\/godisnjica-16x5.png 16w\" sizes=\"auto, (max-width: 454px) 100vw, 454px\" \/><figcaption class=\"wp-element-caption\">18e anniversaire de la production de la premi\u00e8re fen\u00eatre en PVC<\/figcaption><\/figure>\n<\/div>\n\n\n<p>\u00c0 cette occasion, une collaboration a \u00e9t\u00e9 convenue entre les entreprises Trocal et Herceg, ce qui, au cours des 18 derni\u00e8res ann\u00e9es, a eu un impact significatif sur le d\u00e9veloppement et la position sur le march\u00e9 de ces deux soci\u00e9t\u00e9s. Aujourd&rsquo;hui, alors que nous c\u00e9l\u00e9brons l&rsquo;av\u00e8nement de l&rsquo;\u00e8re de la coop\u00e9ration, nous soulignons fi\u00e8rement que Trocal, actuellement Profine Group, est l\u2019actuel leader sur le march\u00e9 des profil\u00e9s en PVC et que Herceg est le leader dans la production de fen\u00eatres et de portes en PVC sur le march\u00e9 de Bosnie-Herz\u00e9govine et de ses environs.<\/p>\n\n\n\n<p>Cette date importante a \u00e9t\u00e9 c\u00e9l\u00e9br\u00e9e en pr\u00e9sence de repr\u00e9sentants des entreprises PROFINE et HERCEG. Dans leurs discours devant les personnes pr\u00e9sentes, les repr\u00e9sentants des entreprises Profine et Herceg ont soulign\u00e9 qu\u2019au cours de la p\u00e9riode \u00e9coul\u00e9e, il y a eu de nombreux moments agr\u00e9ables mais aussi difficiles dans leurs activit\u00e9s conjointes. Ils sont fiers d\u2019avoir surmont\u00e9 ensemble tous les d\u00e9fis qui se sont pr\u00e9sent\u00e9s.<\/p>\n\n\n\n<blockquote class=\"wp-block-quote is-layout-flow wp-block-quote-is-layout-flow\">\n<p>Le fait est qu\u2019il n\u2019y a pas de bon producteur sans un bon fournisseur et aussi qu\u2019il n\u2019y a pas de bon fournisseur sans un bon producteur\/acheteur.<\/p>\n<\/blockquote>\n\n\n\n<p>Apr\u00e8s avoir jet\u00e9 un regard sur le pass\u00e9, ils ont convenu que la \u00ab\u00a0pubert\u00e9\u00a0\u00bb de la coop\u00e9ration avait atteint sa majorit\u00e9, ce qui donne \u00e0 chacun la t\u00e2che d\u2019appliquer tout ce qu\u2019ils ont appris au cours des 18 derni\u00e8res ann\u00e9es et de continuer \u00e0 construire une coop\u00e9ration fructueuse entre ces deux soci\u00e9t\u00e9s \u00e0 un niveau encore plus \u00e9lev\u00e9.<\/p>\n","protected":false},"excerpt":{"rendered":"<p>Nous sommes heureux d\u2019annoncer le 18e anniversaire de la production de la premi\u00e8re fen\u00eatre en PVC et de la collaboration avec Trocal (Profine Group). En 1995, les premiers contacts ont \u00e9t\u00e9 \u00e9tablis avec le fabricant de profils PVC TROCAL, \u00e0 l\u2019occasion d\u2019une r\u00e9union organis\u00e9e le 7 d\u00e9cembre 1995 \u00e0 Zagreb. Cette r\u00e9union a \u00e9t\u00e9 assist\u00e9e par un repr\u00e9sentant de Trocal, Heinz Doppler, et Mustafa Herceg, co-propri\u00e9taire de Herceg Srebrenik. \u00c0 cette occasion, une collaboration a \u00e9t\u00e9 convenue entre les entreprises Trocal et Herceg, ce qui, au cours des 18 derni\u00e8res ann\u00e9es, a eu un impact significatif sur le d\u00e9veloppement et la position sur le march\u00e9 de ces deux soci\u00e9t\u00e9s. Aujourd&rsquo;hui, alors que nous c\u00e9l\u00e9brons l&rsquo;av\u00e8nement de l&rsquo;\u00e8re de la coop\u00e9ration, nous soulignons fi\u00e8rement que Trocal, actuellement Profine Group, est l\u2019actuel leader sur le march\u00e9 des profil\u00e9s en PVC et que Herceg est le leader dans la production de fen\u00eatres et [&hellip;]<\/p>\n","protected":false},"author":2,"featured_media":116,"comment_status":"closed","ping_status":"closed","sticky":false,"template":"","format":"standard","meta":{"footnotes":""},"categories":[1,3],"tags":[8,4,10,9],"class_list":["post-104","post","type-post","status-publish","format-standard","has-post-thumbnail","hentry","category-entreprise","category-nouvelles","tag-18th-anniversity","tag-herceg","tag-profine-group","tag-trocal"],"yoast_head":"<!-- This site is optimized with the Yoast SEO plugin v27.1.1 - https:\/\/yoast.com\/product\/yoast-seo-wordpress\/ -->\n<title>C\u00e9l\u00e9bration du 18e anniversaire de la production de la premi\u00e8re fen\u00eatre en PVC - Herceg d.o.o blog<\/title>\n<meta name=\"description\" content=\"Nous sommes heureux d&#039;annoncer le 18e anniversaire de la production de la premi\u00e8re fen\u00eatre en PVC et de la collaboration avec Trocal (Profine Group).\" \/>\n<meta name=\"robots\" content=\"noindex, follow, max-snippet:-1, max-image-preview:large, max-video-preview:-1\" \/>\n<meta property=\"og:locale\" content=\"fr_FR\" \/>\n<meta property=\"og:type\" content=\"article\" \/>\n<meta property=\"og:title\" content=\"C\u00e9l\u00e9bration du 18e anniversaire de la production de la premi\u00e8re fen\u00eatre en PVC - Herceg d.o.o blog\" \/>\n<meta property=\"og:description\" content=\"Nous sommes heureux d&#039;annoncer le 18e anniversaire de la production de la premi\u00e8re fen\u00eatre en PVC et de la collaboration avec Trocal (Profine Group).\" \/>\n<meta property=\"og:url\" content=\"https:\/\/blog.dooherceg.ba\/fr\/blog\/2018\/04\/24\/celebration-18e-anniversaire-production-premiere-fenetre-pvc\/\" \/>\n<meta property=\"og:site_name\" content=\"Herceg d.o.o blog\" \/>\n<meta property=\"article:publisher\" content=\"https:\/\/www.facebook.com\/dooherceg\" \/>\n<meta property=\"article:published_time\" content=\"2018-04-24T06:56:00+00:00\" \/>\n<meta property=\"article:modified_time\" content=\"2024-02-01T11:29:06+00:00\" \/>\n<meta property=\"og:image\" content=\"https:\/\/blog.dooherceg.ba\/fr\/wp-content\/uploads\/sites\/9\/2020\/10\/18-godisnjica.jpg\" \/>\n\t<meta property=\"og:image:width\" content=\"1150\" \/>\n\t<meta property=\"og:image:height\" content=\"764\" \/>\n\t<meta property=\"og:image:type\" content=\"image\/jpeg\" \/>\n<meta name=\"author\" content=\"Demir Kari\u0107\" \/>\n<meta name=\"twitter:card\" content=\"summary_large_image\" \/>\n<meta name=\"twitter:label1\" content=\"\u00c9crit par\" \/>\n\t<meta name=\"twitter:data1\" content=\"Demir Kari\u0107\" \/>\n\t<meta name=\"twitter:label2\" content=\"Dur\u00e9e de lecture estim\u00e9e\" \/>\n\t<meta name=\"twitter:data2\" content=\"2 minutes\" \/>\n<script type=\"application\/ld+json\" class=\"yoast-schema-graph\">{\"@context\":\"https:\/\/schema.org\",\"@graph\":[{\"@type\":\"Article\",\"@id\":\"https:\/\/blog.dooherceg.ba\/fr\/blog\/2018\/04\/24\/celebration-18e-anniversaire-production-premiere-fenetre-pvc\/#article\",\"isPartOf\":{\"@id\":\"https:\/\/blog.dooherceg.ba\/fr\/blog\/2018\/04\/24\/celebration-18e-anniversaire-production-premiere-fenetre-pvc\/\"},\"author\":{\"name\":\"Demir Kari\u0107\",\"@id\":\"https:\/\/blog.dooherceg.ba\/fr\/#\/schema\/person\/1124bea66d6483e5ab66790781f364cf\"},\"headline\":\"C\u00e9l\u00e9bration du 18e anniversaire de la production de la premi\u00e8re fen\u00eatre en PVC\",\"datePublished\":\"2018-04-24T06:56:00+00:00\",\"dateModified\":\"2024-02-01T11:29:06+00:00\",\"mainEntityOfPage\":{\"@id\":\"https:\/\/blog.dooherceg.ba\/fr\/blog\/2018\/04\/24\/celebration-18e-anniversaire-production-premiere-fenetre-pvc\/\"},\"wordCount\":392,\"publisher\":{\"@id\":\"https:\/\/blog.dooherceg.ba\/fr\/#organization\"},\"image\":{\"@id\":\"https:\/\/blog.dooherceg.ba\/fr\/blog\/2018\/04\/24\/celebration-18e-anniversaire-production-premiere-fenetre-pvc\/#primaryimage\"},\"thumbnailUrl\":\"https:\/\/blog.dooherceg.ba\/fr\/wp-content\/uploads\/sites\/9\/2020\/10\/18-godisnjica.jpg\",\"keywords\":[\"18th anniversity\",\"herceg\",\"profine group\",\"trocal\"],\"articleSection\":[\"Entreprise\",\"Nouvelles\"],\"inLanguage\":\"fr-FR\"},{\"@type\":\"WebPage\",\"@id\":\"https:\/\/blog.dooherceg.ba\/fr\/blog\/2018\/04\/24\/celebration-18e-anniversaire-production-premiere-fenetre-pvc\/\",\"url\":\"https:\/\/blog.dooherceg.ba\/fr\/blog\/2018\/04\/24\/celebration-18e-anniversaire-production-premiere-fenetre-pvc\/\",\"name\":\"C\u00e9l\u00e9bration du 18e anniversaire de la production de la premi\u00e8re fen\u00eatre en PVC - Herceg d.o.o blog\",\"isPartOf\":{\"@id\":\"https:\/\/blog.dooherceg.ba\/fr\/#website\"},\"primaryImageOfPage\":{\"@id\":\"https:\/\/blog.dooherceg.ba\/fr\/blog\/2018\/04\/24\/celebration-18e-anniversaire-production-premiere-fenetre-pvc\/#primaryimage\"},\"image\":{\"@id\":\"https:\/\/blog.dooherceg.ba\/fr\/blog\/2018\/04\/24\/celebration-18e-anniversaire-production-premiere-fenetre-pvc\/#primaryimage\"},\"thumbnailUrl\":\"https:\/\/blog.dooherceg.ba\/fr\/wp-content\/uploads\/sites\/9\/2020\/10\/18-godisnjica.jpg\",\"datePublished\":\"2018-04-24T06:56:00+00:00\",\"dateModified\":\"2024-02-01T11:29:06+00:00\",\"description\":\"Nous sommes heureux d'annoncer le 18e anniversaire de la production de la premi\u00e8re fen\u00eatre en PVC et de la collaboration avec Trocal (Profine Group).\",\"breadcrumb\":{\"@id\":\"https:\/\/blog.dooherceg.ba\/fr\/blog\/2018\/04\/24\/celebration-18e-anniversaire-production-premiere-fenetre-pvc\/#breadcrumb\"},\"inLanguage\":\"fr-FR\",\"potentialAction\":[{\"@type\":\"ReadAction\",\"target\":[\"https:\/\/blog.dooherceg.ba\/fr\/blog\/2018\/04\/24\/celebration-18e-anniversaire-production-premiere-fenetre-pvc\/\"]}]},{\"@type\":\"ImageObject\",\"inLanguage\":\"fr-FR\",\"@id\":\"https:\/\/blog.dooherceg.ba\/fr\/blog\/2018\/04\/24\/celebration-18e-anniversaire-production-premiere-fenetre-pvc\/#primaryimage\",\"url\":\"https:\/\/blog.dooherceg.ba\/fr\/wp-content\/uploads\/sites\/9\/2020\/10\/18-godisnjica.jpg\",\"contentUrl\":\"https:\/\/blog.dooherceg.ba\/fr\/wp-content\/uploads\/sites\/9\/2020\/10\/18-godisnjica.jpg\",\"width\":1150,\"height\":764},{\"@type\":\"BreadcrumbList\",\"@id\":\"https:\/\/blog.dooherceg.ba\/fr\/blog\/2018\/04\/24\/celebration-18e-anniversaire-production-premiere-fenetre-pvc\/#breadcrumb\",\"itemListElement\":[{\"@type\":\"ListItem\",\"position\":1,\"name\":\"Home\",\"item\":\"https:\/\/blog.dooherceg.ba\/fr\/\"},{\"@type\":\"ListItem\",\"position\":2,\"name\":\"C\u00e9l\u00e9bration du 18e anniversaire de la production de la premi\u00e8re fen\u00eatre en PVC\"}]},{\"@type\":\"WebSite\",\"@id\":\"https:\/\/blog.dooherceg.ba\/fr\/#website\",\"url\":\"https:\/\/blog.dooherceg.ba\/fr\/\",\"name\":\"Herceg d.o.o. blog\",\"description\":\"\",\"publisher\":{\"@id\":\"https:\/\/blog.dooherceg.ba\/fr\/#organization\"},\"potentialAction\":[{\"@type\":\"SearchAction\",\"target\":{\"@type\":\"EntryPoint\",\"urlTemplate\":\"https:\/\/blog.dooherceg.ba\/fr\/?s={search_term_string}\"},\"query-input\":{\"@type\":\"PropertyValueSpecification\",\"valueRequired\":true,\"valueName\":\"search_term_string\"}}],\"inLanguage\":\"fr-FR\"},{\"@type\":\"Organization\",\"@id\":\"https:\/\/blog.dooherceg.ba\/fr\/#organization\",\"name\":\"Herceg d.o.o.\",\"url\":\"https:\/\/blog.dooherceg.ba\/fr\/\",\"logo\":{\"@type\":\"ImageObject\",\"inLanguage\":\"fr-FR\",\"@id\":\"https:\/\/blog.dooherceg.ba\/fr\/#\/schema\/logo\/image\/\",\"url\":\"https:\/\/blog.dooherceg.ba\/fr\/wp-content\/uploads\/sites\/9\/2020\/12\/LOGO-HERCEG-transparent.png\",\"contentUrl\":\"https:\/\/blog.dooherceg.ba\/fr\/wp-content\/uploads\/sites\/9\/2020\/12\/LOGO-HERCEG-transparent.png\",\"width\":1403,\"height\":971,\"caption\":\"Herceg d.o.o.\"},\"image\":{\"@id\":\"https:\/\/blog.dooherceg.ba\/fr\/#\/schema\/logo\/image\/\"},\"sameAs\":[\"https:\/\/www.facebook.com\/dooherceg\",\"https:\/\/ba.linkedin.com\/company\/herceg-d-o-o-\",\"https:\/\/www.youtube.com\/channel\/UCHDln9nmssd__ol3YWafZHg\"]},{\"@type\":\"Person\",\"@id\":\"https:\/\/blog.dooherceg.ba\/fr\/#\/schema\/person\/1124bea66d6483e5ab66790781f364cf\",\"name\":\"Demir Kari\u0107\",\"image\":{\"@type\":\"ImageObject\",\"inLanguage\":\"fr-FR\",\"@id\":\"https:\/\/blog.dooherceg.ba\/fr\/#\/schema\/person\/image\/\",\"url\":\"https:\/\/secure.gravatar.com\/avatar\/83240fee59b0d0e95760ea750bcd6178e1812419573477ad6c670fa7452469d7?s=96&d=mm&r=g\",\"contentUrl\":\"https:\/\/secure.gravatar.com\/avatar\/83240fee59b0d0e95760ea750bcd6178e1812419573477ad6c670fa7452469d7?s=96&d=mm&r=g\",\"caption\":\"Demir Kari\u0107\"},\"sameAs\":[\"http:\/\/administrator@dooherceg.ba\"],\"url\":\"https:\/\/blog.dooherceg.ba\/fr\/blog\/author\/demirk\/\"}]}<\/script>\n<!-- \/ Yoast SEO plugin. -->","yoast_head_json":{"title":"C\u00e9l\u00e9bration du 18e anniversaire de la production de la premi\u00e8re fen\u00eatre en PVC - Herceg d.o.o blog","description":"Nous sommes heureux d'annoncer le 18e anniversaire de la production de la premi\u00e8re fen\u00eatre en PVC et de la collaboration avec Trocal (Profine Group).","robots":{"index":"noindex","follow":"follow","max-snippet":"max-snippet:-1","max-image-preview":"max-image-preview:large","max-video-preview":"max-video-preview:-1"},"og_locale":"fr_FR","og_type":"article","og_title":"C\u00e9l\u00e9bration du 18e anniversaire de la production de la premi\u00e8re fen\u00eatre en PVC - Herceg d.o.o blog","og_description":"Nous sommes heureux d'annoncer le 18e anniversaire de la production de la premi\u00e8re fen\u00eatre en PVC et de la collaboration avec Trocal (Profine Group).","og_url":"https:\/\/blog.dooherceg.ba\/fr\/blog\/2018\/04\/24\/celebration-18e-anniversaire-production-premiere-fenetre-pvc\/","og_site_name":"Herceg d.o.o blog","article_publisher":"https:\/\/www.facebook.com\/dooherceg","article_published_time":"2018-04-24T06:56:00+00:00","article_modified_time":"2024-02-01T11:29:06+00:00","og_image":[{"width":1150,"height":764,"url":"https:\/\/blog.dooherceg.ba\/fr\/wp-content\/uploads\/sites\/9\/2020\/10\/18-godisnjica.jpg","type":"image\/jpeg"}],"author":"Demir Kari\u0107","twitter_card":"summary_large_image","twitter_misc":{"\u00c9crit par":"Demir Kari\u0107","Dur\u00e9e de lecture estim\u00e9e":"2 minutes"},"schema":{"@context":"https:\/\/schema.org","@graph":[{"@type":"Article","@id":"https:\/\/blog.dooherceg.ba\/fr\/blog\/2018\/04\/24\/celebration-18e-anniversaire-production-premiere-fenetre-pvc\/#article","isPartOf":{"@id":"https:\/\/blog.dooherceg.ba\/fr\/blog\/2018\/04\/24\/celebration-18e-anniversaire-production-premiere-fenetre-pvc\/"},"author":{"name":"Demir Kari\u0107","@id":"https:\/\/blog.dooherceg.ba\/fr\/#\/schema\/person\/1124bea66d6483e5ab66790781f364cf"},"headline":"C\u00e9l\u00e9bration du 18e anniversaire de la production de la premi\u00e8re fen\u00eatre en PVC","datePublished":"2018-04-24T06:56:00+00:00","dateModified":"2024-02-01T11:29:06+00:00","mainEntityOfPage":{"@id":"https:\/\/blog.dooherceg.ba\/fr\/blog\/2018\/04\/24\/celebration-18e-anniversaire-production-premiere-fenetre-pvc\/"},"wordCount":392,"publisher":{"@id":"https:\/\/blog.dooherceg.ba\/fr\/#organization"},"image":{"@id":"https:\/\/blog.dooherceg.ba\/fr\/blog\/2018\/04\/24\/celebration-18e-anniversaire-production-premiere-fenetre-pvc\/#primaryimage"},"thumbnailUrl":"https:\/\/blog.dooherceg.ba\/fr\/wp-content\/uploads\/sites\/9\/2020\/10\/18-godisnjica.jpg","keywords":["18th anniversity","herceg","profine group","trocal"],"articleSection":["Entreprise","Nouvelles"],"inLanguage":"fr-FR"},{"@type":"WebPage","@id":"https:\/\/blog.dooherceg.ba\/fr\/blog\/2018\/04\/24\/celebration-18e-anniversaire-production-premiere-fenetre-pvc\/","url":"https:\/\/blog.dooherceg.ba\/fr\/blog\/2018\/04\/24\/celebration-18e-anniversaire-production-premiere-fenetre-pvc\/","name":"C\u00e9l\u00e9bration du 18e anniversaire de la production de la premi\u00e8re fen\u00eatre en PVC - Herceg d.o.o blog","isPartOf":{"@id":"https:\/\/blog.dooherceg.ba\/fr\/#website"},"primaryImageOfPage":{"@id":"https:\/\/blog.dooherceg.ba\/fr\/blog\/2018\/04\/24\/celebration-18e-anniversaire-production-premiere-fenetre-pvc\/#primaryimage"},"image":{"@id":"https:\/\/blog.dooherceg.ba\/fr\/blog\/2018\/04\/24\/celebration-18e-anniversaire-production-premiere-fenetre-pvc\/#primaryimage"},"thumbnailUrl":"https:\/\/blog.dooherceg.ba\/fr\/wp-content\/uploads\/sites\/9\/2020\/10\/18-godisnjica.jpg","datePublished":"2018-04-24T06:56:00+00:00","dateModified":"2024-02-01T11:29:06+00:00","description":"Nous sommes heureux d'annoncer le 18e anniversaire de la production de la premi\u00e8re fen\u00eatre en PVC et de la collaboration avec Trocal (Profine Group).","breadcrumb":{"@id":"https:\/\/blog.dooherceg.ba\/fr\/blog\/2018\/04\/24\/celebration-18e-anniversaire-production-premiere-fenetre-pvc\/#breadcrumb"},"inLanguage":"fr-FR","potentialAction":[{"@type":"ReadAction","target":["https:\/\/blog.dooherceg.ba\/fr\/blog\/2018\/04\/24\/celebration-18e-anniversaire-production-premiere-fenetre-pvc\/"]}]},{"@type":"ImageObject","inLanguage":"fr-FR","@id":"https:\/\/blog.dooherceg.ba\/fr\/blog\/2018\/04\/24\/celebration-18e-anniversaire-production-premiere-fenetre-pvc\/#primaryimage","url":"https:\/\/blog.dooherceg.ba\/fr\/wp-content\/uploads\/sites\/9\/2020\/10\/18-godisnjica.jpg","contentUrl":"https:\/\/blog.dooherceg.ba\/fr\/wp-content\/uploads\/sites\/9\/2020\/10\/18-godisnjica.jpg","width":1150,"height":764},{"@type":"BreadcrumbList","@id":"https:\/\/blog.dooherceg.ba\/fr\/blog\/2018\/04\/24\/celebration-18e-anniversaire-production-premiere-fenetre-pvc\/#breadcrumb","itemListElement":[{"@type":"ListItem","position":1,"name":"Home","item":"https:\/\/blog.dooherceg.ba\/fr\/"},{"@type":"ListItem","position":2,"name":"C\u00e9l\u00e9bration du 18e anniversaire de la production de la premi\u00e8re fen\u00eatre en PVC"}]},{"@type":"WebSite","@id":"https:\/\/blog.dooherceg.ba\/fr\/#website","url":"https:\/\/blog.dooherceg.ba\/fr\/","name":"Herceg d.o.o. blog","description":"","publisher":{"@id":"https:\/\/blog.dooherceg.ba\/fr\/#organization"},"potentialAction":[{"@type":"SearchAction","target":{"@type":"EntryPoint","urlTemplate":"https:\/\/blog.dooherceg.ba\/fr\/?s={search_term_string}"},"query-input":{"@type":"PropertyValueSpecification","valueRequired":true,"valueName":"search_term_string"}}],"inLanguage":"fr-FR"},{"@type":"Organization","@id":"https:\/\/blog.dooherceg.ba\/fr\/#organization","name":"Herceg d.o.o.","url":"https:\/\/blog.dooherceg.ba\/fr\/","logo":{"@type":"ImageObject","inLanguage":"fr-FR","@id":"https:\/\/blog.dooherceg.ba\/fr\/#\/schema\/logo\/image\/","url":"https:\/\/blog.dooherceg.ba\/fr\/wp-content\/uploads\/sites\/9\/2020\/12\/LOGO-HERCEG-transparent.png","contentUrl":"https:\/\/blog.dooherceg.ba\/fr\/wp-content\/uploads\/sites\/9\/2020\/12\/LOGO-HERCEG-transparent.png","width":1403,"height":971,"caption":"Herceg d.o.o."},"image":{"@id":"https:\/\/blog.dooherceg.ba\/fr\/#\/schema\/logo\/image\/"},"sameAs":["https:\/\/www.facebook.com\/dooherceg","https:\/\/ba.linkedin.com\/company\/herceg-d-o-o-","https:\/\/www.youtube.com\/channel\/UCHDln9nmssd__ol3YWafZHg"]},{"@type":"Person","@id":"https:\/\/blog.dooherceg.ba\/fr\/#\/schema\/person\/1124bea66d6483e5ab66790781f364cf","name":"Demir Kari\u0107","image":{"@type":"ImageObject","inLanguage":"fr-FR","@id":"https:\/\/blog.dooherceg.ba\/fr\/#\/schema\/person\/image\/","url":"https:\/\/secure.gravatar.com\/avatar\/83240fee59b0d0e95760ea750bcd6178e1812419573477ad6c670fa7452469d7?s=96&d=mm&r=g","contentUrl":"https:\/\/secure.gravatar.com\/avatar\/83240fee59b0d0e95760ea750bcd6178e1812419573477ad6c670fa7452469d7?s=96&d=mm&r=g","caption":"Demir Kari\u0107"},"sameAs":["http:\/\/administrator@dooherceg.ba"],"url":"https:\/\/blog.dooherceg.ba\/fr\/blog\/author\/demirk\/"}]}},"_links":{"self":[{"href":"https:\/\/blog.dooherceg.ba\/fr\/wp-json\/wp\/v2\/posts\/104","targetHints":{"allow":["GET"]}}],"collection":[{"href":"https:\/\/blog.dooherceg.ba\/fr\/wp-json\/wp\/v2\/posts"}],"about":[{"href":"https:\/\/blog.dooherceg.ba\/fr\/wp-json\/wp\/v2\/types\/post"}],"author":[{"embeddable":true,"href":"https:\/\/blog.dooherceg.ba\/fr\/wp-json\/wp\/v2\/users\/2"}],"replies":[{"embeddable":true,"href":"https:\/\/blog.dooherceg.ba\/fr\/wp-json\/wp\/v2\/comments?post=104"}],"version-history":[{"count":9,"href":"https:\/\/blog.dooherceg.ba\/fr\/wp-json\/wp\/v2\/posts\/104\/revisions"}],"predecessor-version":[{"id":323,"href":"https:\/\/blog.dooherceg.ba\/fr\/wp-json\/wp\/v2\/posts\/104\/revisions\/323"}],"wp:featuredmedia":[{"embeddable":true,"href":"https:\/\/blog.dooherceg.ba\/fr\/wp-json\/wp\/v2\/media\/116"}],"wp:attachment":[{"href":"https:\/\/blog.dooherceg.ba\/fr\/wp-json\/wp\/v2\/media?parent=104"}],"wp:term":[{"taxonomy":"category","embeddable":true,"href":"https:\/\/blog.dooherceg.ba\/fr\/wp-json\/wp\/v2\/categories?post=104"},{"taxonomy":"post_tag","embeddable":true,"href":"https:\/\/blog.dooherceg.ba\/fr\/wp-json\/wp\/v2\/tags?post=104"}],"curies":[{"name":"wp","href":"https:\/\/api.w.org\/{rel}","templated":true}]}}