{"id":150,"date":"2020-12-21T14:37:11","date_gmt":"2020-12-21T13:37:11","guid":{"rendered":"https:\/\/blog.dooherceg.ba\/fr\/?p=150"},"modified":"2024-02-01T12:32:29","modified_gmt":"2024-02-01T11:32:29","slug":"journee-famille-2019-herceg-doo-srebrenik","status":"publish","type":"post","link":"https:\/\/blog.dooherceg.ba\/fr\/blog\/2020\/12\/21\/journee-famille-2019-herceg-doo-srebrenik\/","title":{"rendered":"Journ\u00e9e de la Famille 2019 &#8211; Herceg d.o.o. Srebrenik"},"content":{"rendered":"\n<p>Le dimanche 23.09.2019, la soci\u00e9t\u00e9 Herceg a organis\u00e9 le troisi\u00e8me \u00e9v\u00e9nement \u00ab\u00a0Journ\u00e9e de la famille\u00a0\u00bb pour ses employ\u00e9s et leurs familles.<\/p>\n\n\n\n<p>L&rsquo;organisation de cet \u00e9v\u00e9nement a pour objectif de rassembler les salari\u00e9s et leurs familles pour passer une journ\u00e9e ensemble entre rencontres, jeux sportifs et divertissements divers. Cette ann\u00e9e, comme toutes les ann\u00e9es pr\u00e9c\u00e9dentes, une attention particuli\u00e8re a \u00e9t\u00e9 port\u00e9e au contenu pour les plus petits. En plus des ch\u00e2teaux gonflables et des man\u00e8ges traditionnels, l\u2019artiste maquilleuse Una Stjepi\u0107 a \u00e9t\u00e9 engag\u00e9e pour d\u00e9corer les visages des enfants avec diverses cr\u00e9ations joyeuses.<\/p>\n\n\n\n<p>\u00c9galement pr\u00e9sents lors de l\u2019\u00e9v\u00e9nement, les membres du mouvement de jeunes \u00ab\u00a0Osmijeh je iz Srebrenika\u00a0\u00bb ont divertis les enfants en tant qu\u2019animateurs, et sur la Slackline, les jeunes se sont entra\u00een\u00e9s \u00e0 marcher sur une corde raide.Pour les plus grands, des jeux sportifs \u00e9taient organis\u00e9s dans les cat\u00e9gories volley-ball, lancer de pierre lourde, aviron en bin\u00f4me et tir \u00e0 la corde. Bien s\u00fbr, tout cela ne pourrait se faire sans barbecue, glaces et la nouveaut\u00e9 de cette ann\u00e9e le ma\u00efs bouilli.<\/p>\n\n\n\n<figure class=\"wp-block-gallery columns-3 is-cropped wp-block-gallery-1 is-layout-flex wp-block-gallery-is-layout-flex\"><ul class=\"blocks-gallery-grid\"><li class=\"blocks-gallery-item\"><figure><img loading=\"lazy\" decoding=\"async\" width=\"1024\" height=\"622\" src=\"https:\/\/blog.dooherceg.ba\/fr\/wp-content\/uploads\/sites\/9\/2020\/12\/45064161_1122195194606933_4471412330705453056_o-1024x622.jpg\" alt=\"\" data-id=\"162\" data-full-url=\"https:\/\/blog.dooherceg.ba\/fr\/wp-content\/uploads\/sites\/9\/2020\/12\/45064161_1122195194606933_4471412330705453056_o.jpg\" data-link=\"https:\/\/blog.dooherceg.ba\/fr\/blog\/2020\/12\/21\/family-day-2019-herceg-doo-srebrenik\/45064161_1122195194606933_4471412330705453056_o\/\" class=\"wp-image-162\" srcset=\"https:\/\/blog.dooherceg.ba\/fr\/wp-content\/uploads\/sites\/9\/2020\/12\/45064161_1122195194606933_4471412330705453056_o-1024x622.jpg 1024w, https:\/\/blog.dooherceg.ba\/fr\/wp-content\/uploads\/sites\/9\/2020\/12\/45064161_1122195194606933_4471412330705453056_o-300x182.jpg 300w, https:\/\/blog.dooherceg.ba\/fr\/wp-content\/uploads\/sites\/9\/2020\/12\/45064161_1122195194606933_4471412330705453056_o-768x467.jpg 768w, https:\/\/blog.dooherceg.ba\/fr\/wp-content\/uploads\/sites\/9\/2020\/12\/45064161_1122195194606933_4471412330705453056_o-1536x933.jpg 1536w, https:\/\/blog.dooherceg.ba\/fr\/wp-content\/uploads\/sites\/9\/2020\/12\/45064161_1122195194606933_4471412330705453056_o-16x10.jpg 16w, https:\/\/blog.dooherceg.ba\/fr\/wp-content\/uploads\/sites\/9\/2020\/12\/45064161_1122195194606933_4471412330705453056_o-550x334.jpg 550w, https:\/\/blog.dooherceg.ba\/fr\/wp-content\/uploads\/sites\/9\/2020\/12\/45064161_1122195194606933_4471412330705453056_o.jpg 2048w\" sizes=\"auto, (max-width: 1024px) 100vw, 1024px\" \/><\/figure><\/li><li class=\"blocks-gallery-item\"><figure><img loading=\"lazy\" decoding=\"async\" width=\"1024\" height=\"684\" src=\"https:\/\/blog.dooherceg.ba\/fr\/wp-content\/uploads\/sites\/9\/2020\/12\/45139563_1122195477940238_1318730121523232768_o-1024x684.jpg\" alt=\"\" data-id=\"163\" data-full-url=\"https:\/\/blog.dooherceg.ba\/fr\/wp-content\/uploads\/sites\/9\/2020\/12\/45139563_1122195477940238_1318730121523232768_o.jpg\" data-link=\"https:\/\/blog.dooherceg.ba\/fr\/blog\/2020\/12\/21\/family-day-2019-herceg-doo-srebrenik\/45139563_1122195477940238_1318730121523232768_o\/\" class=\"wp-image-163\" srcset=\"https:\/\/blog.dooherceg.ba\/fr\/wp-content\/uploads\/sites\/9\/2020\/12\/45139563_1122195477940238_1318730121523232768_o-1024x684.jpg 1024w, https:\/\/blog.dooherceg.ba\/fr\/wp-content\/uploads\/sites\/9\/2020\/12\/45139563_1122195477940238_1318730121523232768_o-300x200.jpg 300w, https:\/\/blog.dooherceg.ba\/fr\/wp-content\/uploads\/sites\/9\/2020\/12\/45139563_1122195477940238_1318730121523232768_o-768x513.jpg 768w, https:\/\/blog.dooherceg.ba\/fr\/wp-content\/uploads\/sites\/9\/2020\/12\/45139563_1122195477940238_1318730121523232768_o-1536x1025.jpg 1536w, https:\/\/blog.dooherceg.ba\/fr\/wp-content\/uploads\/sites\/9\/2020\/12\/45139563_1122195477940238_1318730121523232768_o-16x12.jpg 16w, https:\/\/blog.dooherceg.ba\/fr\/wp-content\/uploads\/sites\/9\/2020\/12\/45139563_1122195477940238_1318730121523232768_o-550x367.jpg 550w, https:\/\/blog.dooherceg.ba\/fr\/wp-content\/uploads\/sites\/9\/2020\/12\/45139563_1122195477940238_1318730121523232768_o.jpg 2048w\" sizes=\"auto, (max-width: 1024px) 100vw, 1024px\" \/><\/figure><\/li><li class=\"blocks-gallery-item\"><figure><img loading=\"lazy\" decoding=\"async\" width=\"1024\" height=\"684\" src=\"https:\/\/blog.dooherceg.ba\/fr\/wp-content\/uploads\/sites\/9\/2020\/12\/45150950_1122195514606901_7235373284903092224_o-1024x684.jpg\" alt=\"\" data-id=\"164\" data-full-url=\"https:\/\/blog.dooherceg.ba\/fr\/wp-content\/uploads\/sites\/9\/2020\/12\/45150950_1122195514606901_7235373284903092224_o.jpg\" data-link=\"https:\/\/blog.dooherceg.ba\/fr\/blog\/2020\/12\/21\/family-day-2019-herceg-doo-srebrenik\/45150950_1122195514606901_7235373284903092224_o\/\" class=\"wp-image-164\" srcset=\"https:\/\/blog.dooherceg.ba\/fr\/wp-content\/uploads\/sites\/9\/2020\/12\/45150950_1122195514606901_7235373284903092224_o-1024x684.jpg 1024w, https:\/\/blog.dooherceg.ba\/fr\/wp-content\/uploads\/sites\/9\/2020\/12\/45150950_1122195514606901_7235373284903092224_o-300x200.jpg 300w, https:\/\/blog.dooherceg.ba\/fr\/wp-content\/uploads\/sites\/9\/2020\/12\/45150950_1122195514606901_7235373284903092224_o-768x513.jpg 768w, https:\/\/blog.dooherceg.ba\/fr\/wp-content\/uploads\/sites\/9\/2020\/12\/45150950_1122195514606901_7235373284903092224_o-1536x1025.jpg 1536w, https:\/\/blog.dooherceg.ba\/fr\/wp-content\/uploads\/sites\/9\/2020\/12\/45150950_1122195514606901_7235373284903092224_o-16x12.jpg 16w, https:\/\/blog.dooherceg.ba\/fr\/wp-content\/uploads\/sites\/9\/2020\/12\/45150950_1122195514606901_7235373284903092224_o-550x367.jpg 550w, https:\/\/blog.dooherceg.ba\/fr\/wp-content\/uploads\/sites\/9\/2020\/12\/45150950_1122195514606901_7235373284903092224_o.jpg 2048w\" sizes=\"auto, (max-width: 1024px) 100vw, 1024px\" \/><\/figure><\/li><li class=\"blocks-gallery-item\"><figure><img loading=\"lazy\" decoding=\"async\" width=\"1024\" height=\"684\" src=\"https:\/\/blog.dooherceg.ba\/fr\/wp-content\/uploads\/sites\/9\/2020\/12\/45186784_1122195317940254_1006558820274536448_o-1024x684.jpg\" alt=\"\" data-id=\"166\" data-full-url=\"https:\/\/blog.dooherceg.ba\/fr\/wp-content\/uploads\/sites\/9\/2020\/12\/45186784_1122195317940254_1006558820274536448_o.jpg\" data-link=\"https:\/\/blog.dooherceg.ba\/fr\/blog\/2020\/12\/21\/family-day-2019-herceg-doo-srebrenik\/45186784_1122195317940254_1006558820274536448_o\/\" class=\"wp-image-166\" srcset=\"https:\/\/blog.dooherceg.ba\/fr\/wp-content\/uploads\/sites\/9\/2020\/12\/45186784_1122195317940254_1006558820274536448_o-1024x684.jpg 1024w, https:\/\/blog.dooherceg.ba\/fr\/wp-content\/uploads\/sites\/9\/2020\/12\/45186784_1122195317940254_1006558820274536448_o-300x200.jpg 300w, https:\/\/blog.dooherceg.ba\/fr\/wp-content\/uploads\/sites\/9\/2020\/12\/45186784_1122195317940254_1006558820274536448_o-768x513.jpg 768w, https:\/\/blog.dooherceg.ba\/fr\/wp-content\/uploads\/sites\/9\/2020\/12\/45186784_1122195317940254_1006558820274536448_o-1536x1025.jpg 1536w, https:\/\/blog.dooherceg.ba\/fr\/wp-content\/uploads\/sites\/9\/2020\/12\/45186784_1122195317940254_1006558820274536448_o-16x12.jpg 16w, https:\/\/blog.dooherceg.ba\/fr\/wp-content\/uploads\/sites\/9\/2020\/12\/45186784_1122195317940254_1006558820274536448_o-550x367.jpg 550w, https:\/\/blog.dooherceg.ba\/fr\/wp-content\/uploads\/sites\/9\/2020\/12\/45186784_1122195317940254_1006558820274536448_o.jpg 2048w\" sizes=\"auto, (max-width: 1024px) 100vw, 1024px\" \/><\/figure><\/li><li class=\"blocks-gallery-item\"><figure><img decoding=\"async\" src=\"https:\/\/blog.dooherceg.ba\/fr\/wp-content\/uploads\/sites\/9\/2020\/12\/45212710_1122194917940294_1825286170800553984_o.jpg\" alt=\"\" data-id=\"167\" data-full-url=\"https:\/\/blog.dooherceg.ba\/fr\/wp-content\/uploads\/sites\/9\/2020\/12\/45212710_1122194917940294_1825286170800553984_o.jpg\" data-link=\"https:\/\/blog.dooherceg.ba\/fr\/blog\/2020\/12\/21\/family-day-2019-herceg-doo-srebrenik\/45212710_1122194917940294_1825286170800553984_o\n\/.<\/p>\n","protected":false},"excerpt":{"rendered":"<p>Le dimanche 23.09.2019, la soci\u00e9t\u00e9 Herceg a organis\u00e9 le troisi\u00e8me \u00e9v\u00e9nement \u00ab\u00a0Journ\u00e9e de la famille\u00a0\u00bb pour ses employ\u00e9s et leurs familles. L&rsquo;organisation de cet \u00e9v\u00e9nement a pour objectif de rassembler les salari\u00e9s et leurs familles pour passer une journ\u00e9e ensemble entre rencontres, jeux sportifs et divertissements divers. Cette ann\u00e9e, comme toutes les ann\u00e9es pr\u00e9c\u00e9dentes, une attention particuli\u00e8re a \u00e9t\u00e9 port\u00e9e au contenu pour les plus petits. En plus des ch\u00e2teaux gonflables et des man\u00e8ges traditionnels, l\u2019artiste maquilleuse Una Stjepi\u0107 a \u00e9t\u00e9 engag\u00e9e pour d\u00e9corer les visages des enfants avec diverses cr\u00e9ations joyeuses. \u00c9galement pr\u00e9sents lors de l\u2019\u00e9v\u00e9nement, les membres du mouvement de jeunes \u00ab\u00a0Osmijeh je iz Srebrenika\u00a0\u00bb ont divertis les enfants en tant qu\u2019animateurs, et sur la Slackline, les jeunes se sont entra\u00een\u00e9s \u00e0 marcher sur une corde raide.Pour les plus grands, des jeux sportifs \u00e9taient organis\u00e9s dans les cat\u00e9gories volley-ball, lancer de pierre lourde, aviron en bin\u00f4me et tir [&hellip;]<\/p>\n","protected":false},"author":2,"featured_media":162,"comment_status":"closed","ping_status":"closed","sticky":false,"template":"","format":"standard","meta":{"footnotes":""},"categories":[3],"tags":[12,11,4],"class_list":["post-150","post","type-post","status-publish","format-standard","has-post-thumbnail","hentry","category-nouvelles","tag-12","tag-family-day","tag-herceg"],"yoast_head":"<!-- This site is optimized with the Yoast SEO plugin v27.1.1 - https:\/\/yoast.com\/product\/yoast-seo-wordpress\/ -->\n<title>Journ\u00e9e de la Famille 2019 - Herceg d.o.o. Srebrenik - Herceg d.o.o blog<\/title>\n<meta name=\"description\" content=\"Le dimanche 23.09.2019, la soci\u00e9t\u00e9 Herceg a organis\u00e9 le troisi\u00e8me \u00e9v\u00e9nement &quot;Journ\u00e9e de la famille&quot; pour ses employ\u00e9s et leurs familles.\" \/>\n<meta name=\"robots\" content=\"noindex, follow, max-snippet:-1, max-image-preview:large, max-video-preview:-1\" \/>\n<meta property=\"og:locale\" content=\"fr_FR\" \/>\n<meta property=\"og:type\" content=\"article\" \/>\n<meta property=\"og:title\" content=\"Journ\u00e9e de la Famille 2019 - Herceg d.o.o. Srebrenik - Herceg d.o.o blog\" \/>\n<meta property=\"og:description\" content=\"Le dimanche 23.09.2019, la soci\u00e9t\u00e9 Herceg a organis\u00e9 le troisi\u00e8me \u00e9v\u00e9nement &quot;Journ\u00e9e de la famille&quot; pour ses employ\u00e9s et leurs familles.\" \/>\n<meta property=\"og:url\" content=\"https:\/\/blog.dooherceg.ba\/fr\/blog\/2020\/12\/21\/journee-famille-2019-herceg-doo-srebrenik\/\" \/>\n<meta property=\"og:site_name\" content=\"Herceg d.o.o blog\" \/>\n<meta property=\"article:publisher\" content=\"https:\/\/www.facebook.com\/dooherceg\" \/>\n<meta property=\"article:published_time\" content=\"2020-12-21T13:37:11+00:00\" \/>\n<meta property=\"article:modified_time\" content=\"2024-02-01T11:32:29+00:00\" \/>\n<meta property=\"og:image\" content=\"https:\/\/blog.dooherceg.ba\/fr\/wp-content\/uploads\/sites\/9\/2020\/12\/45064161_1122195194606933_4471412330705453056_o.jpg\" \/>\n\t<meta property=\"og:image:width\" content=\"2048\" \/>\n\t<meta property=\"og:image:height\" content=\"1244\" \/>\n\t<meta property=\"og:image:type\" content=\"image\/jpeg\" \/>\n<meta name=\"author\" content=\"Demir Kari\u0107\" \/>\n<meta name=\"twitter:card\" content=\"summary_large_image\" \/>\n<meta name=\"twitter:label1\" content=\"\u00c9crit par\" \/>\n\t<meta name=\"twitter:data1\" content=\"Demir Kari\u0107\" \/>\n\t<meta name=\"twitter:label2\" content=\"Dur\u00e9e de lecture estim\u00e9e\" \/>\n\t<meta name=\"twitter:data2\" content=\"1 minute\" \/>\n<script type=\"application\/ld+json\" class=\"yoast-schema-graph\">{\"@context\":\"https:\/\/schema.org\",\"@graph\":[{\"@type\":\"Article\",\"@id\":\"https:\/\/blog.dooherceg.ba\/fr\/blog\/2020\/12\/21\/journee-famille-2019-herceg-doo-srebrenik\/#article\",\"isPartOf\":{\"@id\":\"https:\/\/blog.dooherceg.ba\/fr\/blog\/2020\/12\/21\/journee-famille-2019-herceg-doo-srebrenik\/\"},\"author\":{\"name\":\"Demir Kari\u0107\",\"@id\":\"https:\/\/blog.dooherceg.ba\/fr\/#\/schema\/person\/1124bea66d6483e5ab66790781f364cf\"},\"headline\":\"Journ\u00e9e de la Famille 2019 &#8211; Herceg d.o.o. Srebrenik\",\"datePublished\":\"2020-12-21T13:37:11+00:00\",\"dateModified\":\"2024-02-01T11:32:29+00:00\",\"mainEntityOfPage\":{\"@id\":\"https:\/\/blog.dooherceg.ba\/fr\/blog\/2020\/12\/21\/journee-famille-2019-herceg-doo-srebrenik\/\"},\"wordCount\":215,\"publisher\":{\"@id\":\"https:\/\/blog.dooherceg.ba\/fr\/#organization\"},\"image\":{\"@id\":\"https:\/\/blog.dooherceg.ba\/fr\/blog\/2020\/12\/21\/journee-famille-2019-herceg-doo-srebrenik\/#primaryimage\"},\"thumbnailUrl\":\"https:\/\/blog.dooherceg.ba\/fr\/wp-content\/uploads\/sites\/9\/2020\/12\/45064161_1122195194606933_4471412330705453056_o.jpg\",\"keywords\":[\"2019\",\"Family Day\",\"herceg\"],\"articleSection\":[\"Nouvelles\"],\"inLanguage\":\"fr-FR\"},{\"@type\":\"WebPage\",\"@id\":\"https:\/\/blog.dooherceg.ba\/fr\/blog\/2020\/12\/21\/journee-famille-2019-herceg-doo-srebrenik\/\",\"url\":\"https:\/\/blog.dooherceg.ba\/fr\/blog\/2020\/12\/21\/journee-famille-2019-herceg-doo-srebrenik\/\",\"name\":\"Journ\u00e9e de la Famille 2019 - Herceg d.o.o. Srebrenik - Herceg d.o.o blog\",\"isPartOf\":{\"@id\":\"https:\/\/blog.dooherceg.ba\/fr\/#website\"},\"primaryImageOfPage\":{\"@id\":\"https:\/\/blog.dooherceg.ba\/fr\/blog\/2020\/12\/21\/journee-famille-2019-herceg-doo-srebrenik\/#primaryimage\"},\"image\":{\"@id\":\"https:\/\/blog.dooherceg.ba\/fr\/blog\/2020\/12\/21\/journee-famille-2019-herceg-doo-srebrenik\/#primaryimage\"},\"thumbnailUrl\":\"https:\/\/blog.dooherceg.ba\/fr\/wp-content\/uploads\/sites\/9\/2020\/12\/45064161_1122195194606933_4471412330705453056_o.jpg\",\"datePublished\":\"2020-12-21T13:37:11+00:00\",\"dateModified\":\"2024-02-01T11:32:29+00:00\",\"description\":\"Le dimanche 23.09.2019, la soci\u00e9t\u00e9 Herceg a organis\u00e9 le troisi\u00e8me \u00e9v\u00e9nement \\\"Journ\u00e9e de la famille\\\" pour ses employ\u00e9s et leurs familles.\",\"breadcrumb\":{\"@id\":\"https:\/\/blog.dooherceg.ba\/fr\/blog\/2020\/12\/21\/journee-famille-2019-herceg-doo-srebrenik\/#breadcrumb\"},\"inLanguage\":\"fr-FR\",\"potentialAction\":[{\"@type\":\"ReadAction\",\"target\":[\"https:\/\/blog.dooherceg.ba\/fr\/blog\/2020\/12\/21\/journee-famille-2019-herceg-doo-srebrenik\/\"]}]},{\"@type\":\"ImageObject\",\"inLanguage\":\"fr-FR\",\"@id\":\"https:\/\/blog.dooherceg.ba\/fr\/blog\/2020\/12\/21\/journee-famille-2019-herceg-doo-srebrenik\/#primaryimage\",\"url\":\"https:\/\/blog.dooherceg.ba\/fr\/wp-content\/uploads\/sites\/9\/2020\/12\/45064161_1122195194606933_4471412330705453056_o.jpg\",\"contentUrl\":\"https:\/\/blog.dooherceg.ba\/fr\/wp-content\/uploads\/sites\/9\/2020\/12\/45064161_1122195194606933_4471412330705453056_o.jpg\",\"width\":2048,\"height\":1244},{\"@type\":\"BreadcrumbList\",\"@id\":\"https:\/\/blog.dooherceg.ba\/fr\/blog\/2020\/12\/21\/journee-famille-2019-herceg-doo-srebrenik\/#breadcrumb\",\"itemListElement\":[{\"@type\":\"ListItem\",\"position\":1,\"name\":\"Home\",\"item\":\"https:\/\/blog.dooherceg.ba\/fr\/\"},{\"@type\":\"ListItem\",\"position\":2,\"name\":\"Journ\u00e9e de la Famille 2019 &#8211; Herceg d.o.o. Srebrenik\"}]},{\"@type\":\"WebSite\",\"@id\":\"https:\/\/blog.dooherceg.ba\/fr\/#website\",\"url\":\"https:\/\/blog.dooherceg.ba\/fr\/\",\"name\":\"Herceg d.o.o. blog\",\"description\":\"\",\"publisher\":{\"@id\":\"https:\/\/blog.dooherceg.ba\/fr\/#organization\"},\"potentialAction\":[{\"@type\":\"SearchAction\",\"target\":{\"@type\":\"EntryPoint\",\"urlTemplate\":\"https:\/\/blog.dooherceg.ba\/fr\/?s={search_term_string}\"},\"query-input\":{\"@type\":\"PropertyValueSpecification\",\"valueRequired\":true,\"valueName\":\"search_term_string\"}}],\"inLanguage\":\"fr-FR\"},{\"@type\":\"Organization\",\"@id\":\"https:\/\/blog.dooherceg.ba\/fr\/#organization\",\"name\":\"Herceg d.o.o.\",\"url\":\"https:\/\/blog.dooherceg.ba\/fr\/\",\"logo\":{\"@type\":\"ImageObject\",\"inLanguage\":\"fr-FR\",\"@id\":\"https:\/\/blog.dooherceg.ba\/fr\/#\/schema\/logo\/image\/\",\"url\":\"https:\/\/blog.dooherceg.ba\/fr\/wp-content\/uploads\/sites\/9\/2020\/12\/LOGO-HERCEG-transparent.png\",\"contentUrl\":\"https:\/\/blog.dooherceg.ba\/fr\/wp-content\/uploads\/sites\/9\/2020\/12\/LOGO-HERCEG-transparent.png\",\"width\":1403,\"height\":971,\"caption\":\"Herceg d.o.o.\"},\"image\":{\"@id\":\"https:\/\/blog.dooherceg.ba\/fr\/#\/schema\/logo\/image\/\"},\"sameAs\":[\"https:\/\/www.facebook.com\/dooherceg\",\"https:\/\/ba.linkedin.com\/company\/herceg-d-o-o-\",\"https:\/\/www.youtube.com\/channel\/UCHDln9nmssd__ol3YWafZHg\"]},{\"@type\":\"Person\",\"@id\":\"https:\/\/blog.dooherceg.ba\/fr\/#\/schema\/person\/1124bea66d6483e5ab66790781f364cf\",\"name\":\"Demir Kari\u0107\",\"image\":{\"@type\":\"ImageObject\",\"inLanguage\":\"fr-FR\",\"@id\":\"https:\/\/blog.dooherceg.ba\/fr\/#\/schema\/person\/image\/\",\"url\":\"https:\/\/secure.gravatar.com\/avatar\/83240fee59b0d0e95760ea750bcd6178e1812419573477ad6c670fa7452469d7?s=96&d=mm&r=g\",\"contentUrl\":\"https:\/\/secure.gravatar.com\/avatar\/83240fee59b0d0e95760ea750bcd6178e1812419573477ad6c670fa7452469d7?s=96&d=mm&r=g\",\"caption\":\"Demir Kari\u0107\"},\"sameAs\":[\"http:\/\/administrator@dooherceg.ba\"],\"url\":\"https:\/\/blog.dooherceg.ba\/fr\/blog\/author\/demirk\/\"}]}<\/script>\n<!-- \/ Yoast SEO plugin. -->","yoast_head_json":{"title":"Journ\u00e9e de la Famille 2019 - Herceg d.o.o. Srebrenik - Herceg d.o.o blog","description":"Le dimanche 23.09.2019, la soci\u00e9t\u00e9 Herceg a organis\u00e9 le troisi\u00e8me \u00e9v\u00e9nement \"Journ\u00e9e de la famille\" pour ses employ\u00e9s et leurs familles.","robots":{"index":"noindex","follow":"follow","max-snippet":"max-snippet:-1","max-image-preview":"max-image-preview:large","max-video-preview":"max-video-preview:-1"},"og_locale":"fr_FR","og_type":"article","og_title":"Journ\u00e9e de la Famille 2019 - Herceg d.o.o. Srebrenik - Herceg d.o.o blog","og_description":"Le dimanche 23.09.2019, la soci\u00e9t\u00e9 Herceg a organis\u00e9 le troisi\u00e8me \u00e9v\u00e9nement \"Journ\u00e9e de la famille\" pour ses employ\u00e9s et leurs familles.","og_url":"https:\/\/blog.dooherceg.ba\/fr\/blog\/2020\/12\/21\/journee-famille-2019-herceg-doo-srebrenik\/","og_site_name":"Herceg d.o.o blog","article_publisher":"https:\/\/www.facebook.com\/dooherceg","article_published_time":"2020-12-21T13:37:11+00:00","article_modified_time":"2024-02-01T11:32:29+00:00","og_image":[{"width":2048,"height":1244,"url":"https:\/\/blog.dooherceg.ba\/fr\/wp-content\/uploads\/sites\/9\/2020\/12\/45064161_1122195194606933_4471412330705453056_o.jpg","type":"image\/jpeg"}],"author":"Demir Kari\u0107","twitter_card":"summary_large_image","twitter_misc":{"\u00c9crit par":"Demir Kari\u0107","Dur\u00e9e de lecture estim\u00e9e":"1 minute"},"schema":{"@context":"https:\/\/schema.org","@graph":[{"@type":"Article","@id":"https:\/\/blog.dooherceg.ba\/fr\/blog\/2020\/12\/21\/journee-famille-2019-herceg-doo-srebrenik\/#article","isPartOf":{"@id":"https:\/\/blog.dooherceg.ba\/fr\/blog\/2020\/12\/21\/journee-famille-2019-herceg-doo-srebrenik\/"},"author":{"name":"Demir Kari\u0107","@id":"https:\/\/blog.dooherceg.ba\/fr\/#\/schema\/person\/1124bea66d6483e5ab66790781f364cf"},"headline":"Journ\u00e9e de la Famille 2019 &#8211; Herceg d.o.o. Srebrenik","datePublished":"2020-12-21T13:37:11+00:00","dateModified":"2024-02-01T11:32:29+00:00","mainEntityOfPage":{"@id":"https:\/\/blog.dooherceg.ba\/fr\/blog\/2020\/12\/21\/journee-famille-2019-herceg-doo-srebrenik\/"},"wordCount":215,"publisher":{"@id":"https:\/\/blog.dooherceg.ba\/fr\/#organization"},"image":{"@id":"https:\/\/blog.dooherceg.ba\/fr\/blog\/2020\/12\/21\/journee-famille-2019-herceg-doo-srebrenik\/#primaryimage"},"thumbnailUrl":"https:\/\/blog.dooherceg.ba\/fr\/wp-content\/uploads\/sites\/9\/2020\/12\/45064161_1122195194606933_4471412330705453056_o.jpg","keywords":["2019","Family Day","herceg"],"articleSection":["Nouvelles"],"inLanguage":"fr-FR"},{"@type":"WebPage","@id":"https:\/\/blog.dooherceg.ba\/fr\/blog\/2020\/12\/21\/journee-famille-2019-herceg-doo-srebrenik\/","url":"https:\/\/blog.dooherceg.ba\/fr\/blog\/2020\/12\/21\/journee-famille-2019-herceg-doo-srebrenik\/","name":"Journ\u00e9e de la Famille 2019 - Herceg d.o.o. Srebrenik - Herceg d.o.o blog","isPartOf":{"@id":"https:\/\/blog.dooherceg.ba\/fr\/#website"},"primaryImageOfPage":{"@id":"https:\/\/blog.dooherceg.ba\/fr\/blog\/2020\/12\/21\/journee-famille-2019-herceg-doo-srebrenik\/#primaryimage"},"image":{"@id":"https:\/\/blog.dooherceg.ba\/fr\/blog\/2020\/12\/21\/journee-famille-2019-herceg-doo-srebrenik\/#primaryimage"},"thumbnailUrl":"https:\/\/blog.dooherceg.ba\/fr\/wp-content\/uploads\/sites\/9\/2020\/12\/45064161_1122195194606933_4471412330705453056_o.jpg","datePublished":"2020-12-21T13:37:11+00:00","dateModified":"2024-02-01T11:32:29+00:00","description":"Le dimanche 23.09.2019, la soci\u00e9t\u00e9 Herceg a organis\u00e9 le troisi\u00e8me \u00e9v\u00e9nement \"Journ\u00e9e de la famille\" pour ses employ\u00e9s et leurs familles.","breadcrumb":{"@id":"https:\/\/blog.dooherceg.ba\/fr\/blog\/2020\/12\/21\/journee-famille-2019-herceg-doo-srebrenik\/#breadcrumb"},"inLanguage":"fr-FR","potentialAction":[{"@type":"ReadAction","target":["https:\/\/blog.dooherceg.ba\/fr\/blog\/2020\/12\/21\/journee-famille-2019-herceg-doo-srebrenik\/"]}]},{"@type":"ImageObject","inLanguage":"fr-FR","@id":"https:\/\/blog.dooherceg.ba\/fr\/blog\/2020\/12\/21\/journee-famille-2019-herceg-doo-srebrenik\/#primaryimage","url":"https:\/\/blog.dooherceg.ba\/fr\/wp-content\/uploads\/sites\/9\/2020\/12\/45064161_1122195194606933_4471412330705453056_o.jpg","contentUrl":"https:\/\/blog.dooherceg.ba\/fr\/wp-content\/uploads\/sites\/9\/2020\/12\/45064161_1122195194606933_4471412330705453056_o.jpg","width":2048,"height":1244},{"@type":"BreadcrumbList","@id":"https:\/\/blog.dooherceg.ba\/fr\/blog\/2020\/12\/21\/journee-famille-2019-herceg-doo-srebrenik\/#breadcrumb","itemListElement":[{"@type":"ListItem","position":1,"name":"Home","item":"https:\/\/blog.dooherceg.ba\/fr\/"},{"@type":"ListItem","position":2,"name":"Journ\u00e9e de la Famille 2019 &#8211; Herceg d.o.o. Srebrenik"}]},{"@type":"WebSite","@id":"https:\/\/blog.dooherceg.ba\/fr\/#website","url":"https:\/\/blog.dooherceg.ba\/fr\/","name":"Herceg d.o.o. blog","description":"","publisher":{"@id":"https:\/\/blog.dooherceg.ba\/fr\/#organization"},"potentialAction":[{"@type":"SearchAction","target":{"@type":"EntryPoint","urlTemplate":"https:\/\/blog.dooherceg.ba\/fr\/?s={search_term_string}"},"query-input":{"@type":"PropertyValueSpecification","valueRequired":true,"valueName":"search_term_string"}}],"inLanguage":"fr-FR"},{"@type":"Organization","@id":"https:\/\/blog.dooherceg.ba\/fr\/#organization","name":"Herceg d.o.o.","url":"https:\/\/blog.dooherceg.ba\/fr\/","logo":{"@type":"ImageObject","inLanguage":"fr-FR","@id":"https:\/\/blog.dooherceg.ba\/fr\/#\/schema\/logo\/image\/","url":"https:\/\/blog.dooherceg.ba\/fr\/wp-content\/uploads\/sites\/9\/2020\/12\/LOGO-HERCEG-transparent.png","contentUrl":"https:\/\/blog.dooherceg.ba\/fr\/wp-content\/uploads\/sites\/9\/2020\/12\/LOGO-HERCEG-transparent.png","width":1403,"height":971,"caption":"Herceg d.o.o."},"image":{"@id":"https:\/\/blog.dooherceg.ba\/fr\/#\/schema\/logo\/image\/"},"sameAs":["https:\/\/www.facebook.com\/dooherceg","https:\/\/ba.linkedin.com\/company\/herceg-d-o-o-","https:\/\/www.youtube.com\/channel\/UCHDln9nmssd__ol3YWafZHg"]},{"@type":"Person","@id":"https:\/\/blog.dooherceg.ba\/fr\/#\/schema\/person\/1124bea66d6483e5ab66790781f364cf","name":"Demir Kari\u0107","image":{"@type":"ImageObject","inLanguage":"fr-FR","@id":"https:\/\/blog.dooherceg.ba\/fr\/#\/schema\/person\/image\/","url":"https:\/\/secure.gravatar.com\/avatar\/83240fee59b0d0e95760ea750bcd6178e1812419573477ad6c670fa7452469d7?s=96&d=mm&r=g","contentUrl":"https:\/\/secure.gravatar.com\/avatar\/83240fee59b0d0e95760ea750bcd6178e1812419573477ad6c670fa7452469d7?s=96&d=mm&r=g","caption":"Demir Kari\u0107"},"sameAs":["http:\/\/administrator@dooherceg.ba"],"url":"https:\/\/blog.dooherceg.ba\/fr\/blog\/author\/demirk\/"}]}},"_links":{"self":[{"href":"https:\/\/blog.dooherceg.ba\/fr\/wp-json\/wp\/v2\/posts\/150","targetHints":{"allow":["GET"]}}],"collection":[{"href":"https:\/\/blog.dooherceg.ba\/fr\/wp-json\/wp\/v2\/posts"}],"about":[{"href":"https:\/\/blog.dooherceg.ba\/fr\/wp-json\/wp\/v2\/types\/post"}],"author":[{"embeddable":true,"href":"https:\/\/blog.dooherceg.ba\/fr\/wp-json\/wp\/v2\/users\/2"}],"replies":[{"embeddable":true,"href":"https:\/\/blog.dooherceg.ba\/fr\/wp-json\/wp\/v2\/comments?post=150"}],"version-history":[{"count":7,"href":"https:\/\/blog.dooherceg.ba\/fr\/wp-json\/wp\/v2\/posts\/150\/revisions"}],"predecessor-version":[{"id":327,"href":"https:\/\/blog.dooherceg.ba\/fr\/wp-json\/wp\/v2\/posts\/150\/revisions\/327"}],"wp:featuredmedia":[{"embeddable":true,"href":"https:\/\/blog.dooherceg.ba\/fr\/wp-json\/wp\/v2\/media\/162"}],"wp:attachment":[{"href":"https:\/\/blog.dooherceg.ba\/fr\/wp-json\/wp\/v2\/media?parent=150"}],"wp:term":[{"taxonomy":"category","embeddable":true,"href":"https:\/\/blog.dooherceg.ba\/fr\/wp-json\/wp\/v2\/categories?post=150"},{"taxonomy":"post_tag","embeddable":true,"href":"https:\/\/blog.dooherceg.ba\/fr\/wp-json\/wp\/v2\/tags?post=150"}],"curies":[{"name":"wp","href":"https:\/\/api.w.org\/{rel}","templated":true}]}}