{"id":232,"date":"2023-11-19T18:45:00","date_gmt":"2023-11-19T17:45:00","guid":{"rendered":"https:\/\/blog.dooherceg.ba\/fr\/?p=232"},"modified":"2024-02-08T07:26:13","modified_gmt":"2024-02-08T06:26:13","slug":"ouverture-de-latelier-de-production-et-demarrage-de-la-production","status":"publish","type":"post","link":"https:\/\/blog.dooherceg.ba\/fr\/blog\/2023\/11\/19\/ouverture-de-latelier-de-production-et-demarrage-de-la-production\/","title":{"rendered":"Ouverture de l&rsquo;atelier de production et d\u00e9marrage de la production"},"content":{"rendered":"\n<p>L&rsquo;ouverture de la ligne de production HERCEG WOOD repr\u00e9sente l&rsquo;aboutissement des efforts investis, de la planification et de la mise en \u0153uvre. Cet \u00e9v\u00e9nement marque non seulement le d\u00e9but officiel de la production de nouveaux produits, mais envoie \u00e9galement un message fort au march\u00e9 &#8211; HERCEG d.o.o. est pr\u00eate \u00e0 \u00e9tablir de nouvelles normes dans l\u2019industrie des fen\u00eatres, portes et coulissants en bois.<\/p>\n\n\n\n<h3 class=\"wp-block-heading\"><strong>Ouverture de l&rsquo;atelier: \u00e9tablir de nouvelles normes et regarder vers l\u2019avenir<\/strong><\/h3>\n\n\n\n<p>Regarder vers l\u2019avenir apr\u00e8s l\u2019ouverture de la ligne de production implique une innovation constante, en suivant les tendances du march\u00e9 et en r\u00e9pondant aux besoins des clients. HERCEG d.o.o. se positionnera comme leader dans l&rsquo;industrie et deviendra une r\u00e9f\u00e9rence en mati\u00e8re de fen\u00eatres, portes et coulissants en bois de premi\u00e8re qualit\u00e9. L&rsquo;ouverture de l&rsquo;atelier de production de menuiserie en bois symbolise non seulement le moment de la r\u00e9alisation des objectifs du projet, mais repr\u00e9sente \u00e9galement la transition vers un nouveau chapitre de l&rsquo;activit\u00e9 de HERCEG d.o.o.  <\/p>\n","protected":false},"excerpt":{"rendered":"<p>L&rsquo;ouverture de la ligne de production HERCEG WOOD repr\u00e9sente l&rsquo;aboutissement des efforts investis, de la planification et de la mise en \u0153uvre. Cet \u00e9v\u00e9nement marque non seulement le d\u00e9but officiel de la production de nouveaux produits, mais envoie \u00e9galement un message fort au march\u00e9 &#8211; HERCEG d.o.o. est pr\u00eate \u00e0 \u00e9tablir de nouvelles normes dans l\u2019industrie des fen\u00eatres, portes et coulissants en bois.<\/p>\n","protected":false},"author":2,"featured_media":233,"comment_status":"open","ping_status":"open","sticky":false,"template":"","format":"standard","meta":{"footnotes":""},"categories":[20],"tags":[37,39,30,38],"class_list":["post-232","post","type-post","status-publish","format-standard","has-post-thumbnail","hentry","category-bois","tag-bois","tag-fenetres-en-bois","tag-herceg-wood-2","tag-portes-en-bois"],"yoast_head":"<!-- This site is optimized with the Yoast SEO plugin v27.1.1 - https:\/\/yoast.com\/product\/yoast-seo-wordpress\/ -->\n<title>Ouverture de l&#039;atelier de production et d\u00e9marrage de la production - Herceg d.o.o blog<\/title>\n<meta name=\"description\" content=\"L&#039;ouverture de la ligne de production HERCEG WOOD repr\u00e9sente l&#039;aboutissement des efforts investis, de la planification et de la mise en \u0153uvre.\" \/>\n<meta name=\"robots\" content=\"noindex, follow, max-snippet:-1, max-image-preview:large, max-video-preview:-1\" \/>\n<meta property=\"og:locale\" content=\"fr_FR\" \/>\n<meta property=\"og:type\" content=\"article\" \/>\n<meta property=\"og:title\" content=\"Ouverture de l&#039;atelier de production et d\u00e9marrage de la production - Herceg d.o.o blog\" \/>\n<meta property=\"og:description\" content=\"L&#039;ouverture de la ligne de production HERCEG WOOD repr\u00e9sente l&#039;aboutissement des efforts investis, de la planification et de la mise en \u0153uvre.\" \/>\n<meta property=\"og:url\" content=\"https:\/\/blog.dooherceg.ba\/fr\/blog\/2023\/11\/19\/ouverture-de-latelier-de-production-et-demarrage-de-la-production\/\" \/>\n<meta property=\"og:site_name\" content=\"Herceg d.o.o blog\" \/>\n<meta property=\"article:publisher\" content=\"https:\/\/www.facebook.com\/dooherceg\" \/>\n<meta property=\"article:published_time\" content=\"2023-11-19T17:45:00+00:00\" \/>\n<meta property=\"article:modified_time\" content=\"2024-02-08T06:26:13+00:00\" \/>\n<meta property=\"og:image\" content=\"https:\/\/blog.dooherceg.ba\/fr\/wp-content\/uploads\/sites\/9\/2023\/11\/herceg-d-o-o-cover-min-scaled.jpg\" \/>\n\t<meta property=\"og:image:width\" content=\"2560\" \/>\n\t<meta property=\"og:image:height\" content=\"1440\" \/>\n\t<meta property=\"og:image:type\" content=\"image\/jpeg\" \/>\n<meta name=\"author\" content=\"Demir Kari\u0107\" \/>\n<meta name=\"twitter:card\" content=\"summary_large_image\" \/>\n<meta name=\"twitter:label1\" content=\"\u00c9crit par\" \/>\n\t<meta name=\"twitter:data1\" content=\"Demir Kari\u0107\" \/>\n\t<meta name=\"twitter:label2\" content=\"Dur\u00e9e de lecture estim\u00e9e\" \/>\n\t<meta name=\"twitter:data2\" content=\"1 minute\" \/>\n<script type=\"application\/ld+json\" class=\"yoast-schema-graph\">{\"@context\":\"https:\/\/schema.org\",\"@graph\":[{\"@type\":\"Article\",\"@id\":\"https:\/\/blog.dooherceg.ba\/fr\/blog\/2023\/11\/19\/ouverture-de-latelier-de-production-et-demarrage-de-la-production\/#article\",\"isPartOf\":{\"@id\":\"https:\/\/blog.dooherceg.ba\/fr\/blog\/2023\/11\/19\/ouverture-de-latelier-de-production-et-demarrage-de-la-production\/\"},\"author\":{\"name\":\"Demir Kari\u0107\",\"@id\":\"https:\/\/blog.dooherceg.ba\/fr\/#\/schema\/person\/1124bea66d6483e5ab66790781f364cf\"},\"headline\":\"Ouverture de l&rsquo;atelier de production et d\u00e9marrage de la production\",\"datePublished\":\"2023-11-19T17:45:00+00:00\",\"dateModified\":\"2024-02-08T06:26:13+00:00\",\"mainEntityOfPage\":{\"@id\":\"https:\/\/blog.dooherceg.ba\/fr\/blog\/2023\/11\/19\/ouverture-de-latelier-de-production-et-demarrage-de-la-production\/\"},\"wordCount\":202,\"commentCount\":0,\"publisher\":{\"@id\":\"https:\/\/blog.dooherceg.ba\/fr\/#organization\"},\"image\":{\"@id\":\"https:\/\/blog.dooherceg.ba\/fr\/blog\/2023\/11\/19\/ouverture-de-latelier-de-production-et-demarrage-de-la-production\/#primaryimage\"},\"thumbnailUrl\":\"https:\/\/blog.dooherceg.ba\/fr\/wp-content\/uploads\/sites\/9\/2023\/11\/herceg-d-o-o-cover-min-scaled.jpg\",\"keywords\":[\"bois\",\"fen\u00eatres en bois\",\"herceg wood\",\"portes en bois\"],\"articleSection\":[\"Bois\"],\"inLanguage\":\"fr-FR\",\"potentialAction\":[{\"@type\":\"CommentAction\",\"name\":\"Comment\",\"target\":[\"https:\/\/blog.dooherceg.ba\/fr\/blog\/2023\/11\/19\/ouverture-de-latelier-de-production-et-demarrage-de-la-production\/#respond\"]}]},{\"@type\":\"WebPage\",\"@id\":\"https:\/\/blog.dooherceg.ba\/fr\/blog\/2023\/11\/19\/ouverture-de-latelier-de-production-et-demarrage-de-la-production\/\",\"url\":\"https:\/\/blog.dooherceg.ba\/fr\/blog\/2023\/11\/19\/ouverture-de-latelier-de-production-et-demarrage-de-la-production\/\",\"name\":\"Ouverture de l'atelier de production et d\u00e9marrage de la production - Herceg d.o.o blog\",\"isPartOf\":{\"@id\":\"https:\/\/blog.dooherceg.ba\/fr\/#website\"},\"primaryImageOfPage\":{\"@id\":\"https:\/\/blog.dooherceg.ba\/fr\/blog\/2023\/11\/19\/ouverture-de-latelier-de-production-et-demarrage-de-la-production\/#primaryimage\"},\"image\":{\"@id\":\"https:\/\/blog.dooherceg.ba\/fr\/blog\/2023\/11\/19\/ouverture-de-latelier-de-production-et-demarrage-de-la-production\/#primaryimage\"},\"thumbnailUrl\":\"https:\/\/blog.dooherceg.ba\/fr\/wp-content\/uploads\/sites\/9\/2023\/11\/herceg-d-o-o-cover-min-scaled.jpg\",\"datePublished\":\"2023-11-19T17:45:00+00:00\",\"dateModified\":\"2024-02-08T06:26:13+00:00\",\"description\":\"L'ouverture de la ligne de production HERCEG WOOD repr\u00e9sente l'aboutissement des efforts investis, de la planification et de la mise en \u0153uvre.\",\"breadcrumb\":{\"@id\":\"https:\/\/blog.dooherceg.ba\/fr\/blog\/2023\/11\/19\/ouverture-de-latelier-de-production-et-demarrage-de-la-production\/#breadcrumb\"},\"inLanguage\":\"fr-FR\",\"potentialAction\":[{\"@type\":\"ReadAction\",\"target\":[\"https:\/\/blog.dooherceg.ba\/fr\/blog\/2023\/11\/19\/ouverture-de-latelier-de-production-et-demarrage-de-la-production\/\"]}]},{\"@type\":\"ImageObject\",\"inLanguage\":\"fr-FR\",\"@id\":\"https:\/\/blog.dooherceg.ba\/fr\/blog\/2023\/11\/19\/ouverture-de-latelier-de-production-et-demarrage-de-la-production\/#primaryimage\",\"url\":\"https:\/\/blog.dooherceg.ba\/fr\/wp-content\/uploads\/sites\/9\/2023\/11\/herceg-d-o-o-cover-min-scaled.jpg\",\"contentUrl\":\"https:\/\/blog.dooherceg.ba\/fr\/wp-content\/uploads\/sites\/9\/2023\/11\/herceg-d-o-o-cover-min-scaled.jpg\",\"width\":2560,\"height\":1440},{\"@type\":\"BreadcrumbList\",\"@id\":\"https:\/\/blog.dooherceg.ba\/fr\/blog\/2023\/11\/19\/ouverture-de-latelier-de-production-et-demarrage-de-la-production\/#breadcrumb\",\"itemListElement\":[{\"@type\":\"ListItem\",\"position\":1,\"name\":\"Home\",\"item\":\"https:\/\/blog.dooherceg.ba\/fr\/\"},{\"@type\":\"ListItem\",\"position\":2,\"name\":\"Ouverture de l&rsquo;atelier de production et d\u00e9marrage de la production\"}]},{\"@type\":\"WebSite\",\"@id\":\"https:\/\/blog.dooherceg.ba\/fr\/#website\",\"url\":\"https:\/\/blog.dooherceg.ba\/fr\/\",\"name\":\"Herceg d.o.o. blog\",\"description\":\"\",\"publisher\":{\"@id\":\"https:\/\/blog.dooherceg.ba\/fr\/#organization\"},\"potentialAction\":[{\"@type\":\"SearchAction\",\"target\":{\"@type\":\"EntryPoint\",\"urlTemplate\":\"https:\/\/blog.dooherceg.ba\/fr\/?s={search_term_string}\"},\"query-input\":{\"@type\":\"PropertyValueSpecification\",\"valueRequired\":true,\"valueName\":\"search_term_string\"}}],\"inLanguage\":\"fr-FR\"},{\"@type\":\"Organization\",\"@id\":\"https:\/\/blog.dooherceg.ba\/fr\/#organization\",\"name\":\"Herceg d.o.o.\",\"url\":\"https:\/\/blog.dooherceg.ba\/fr\/\",\"logo\":{\"@type\":\"ImageObject\",\"inLanguage\":\"fr-FR\",\"@id\":\"https:\/\/blog.dooherceg.ba\/fr\/#\/schema\/logo\/image\/\",\"url\":\"https:\/\/blog.dooherceg.ba\/fr\/wp-content\/uploads\/sites\/9\/2020\/12\/LOGO-HERCEG-transparent.png\",\"contentUrl\":\"https:\/\/blog.dooherceg.ba\/fr\/wp-content\/uploads\/sites\/9\/2020\/12\/LOGO-HERCEG-transparent.png\",\"width\":1403,\"height\":971,\"caption\":\"Herceg d.o.o.\"},\"image\":{\"@id\":\"https:\/\/blog.dooherceg.ba\/fr\/#\/schema\/logo\/image\/\"},\"sameAs\":[\"https:\/\/www.facebook.com\/dooherceg\",\"https:\/\/ba.linkedin.com\/company\/herceg-d-o-o-\",\"https:\/\/www.youtube.com\/channel\/UCHDln9nmssd__ol3YWafZHg\"]},{\"@type\":\"Person\",\"@id\":\"https:\/\/blog.dooherceg.ba\/fr\/#\/schema\/person\/1124bea66d6483e5ab66790781f364cf\",\"name\":\"Demir Kari\u0107\",\"image\":{\"@type\":\"ImageObject\",\"inLanguage\":\"fr-FR\",\"@id\":\"https:\/\/blog.dooherceg.ba\/fr\/#\/schema\/person\/image\/\",\"url\":\"https:\/\/secure.gravatar.com\/avatar\/83240fee59b0d0e95760ea750bcd6178e1812419573477ad6c670fa7452469d7?s=96&d=mm&r=g\",\"contentUrl\":\"https:\/\/secure.gravatar.com\/avatar\/83240fee59b0d0e95760ea750bcd6178e1812419573477ad6c670fa7452469d7?s=96&d=mm&r=g\",\"caption\":\"Demir Kari\u0107\"},\"sameAs\":[\"http:\/\/administrator@dooherceg.ba\"],\"url\":\"https:\/\/blog.dooherceg.ba\/fr\/blog\/author\/demirk\/\"}]}<\/script>\n<!-- \/ Yoast SEO plugin. -->","yoast_head_json":{"title":"Ouverture de l'atelier de production et d\u00e9marrage de la production - Herceg d.o.o blog","description":"L'ouverture de la ligne de production HERCEG WOOD repr\u00e9sente l'aboutissement des efforts investis, de la planification et de la mise en \u0153uvre.","robots":{"index":"noindex","follow":"follow","max-snippet":"max-snippet:-1","max-image-preview":"max-image-preview:large","max-video-preview":"max-video-preview:-1"},"og_locale":"fr_FR","og_type":"article","og_title":"Ouverture de l'atelier de production et d\u00e9marrage de la production - Herceg d.o.o blog","og_description":"L'ouverture de la ligne de production HERCEG WOOD repr\u00e9sente l'aboutissement des efforts investis, de la planification et de la mise en \u0153uvre.","og_url":"https:\/\/blog.dooherceg.ba\/fr\/blog\/2023\/11\/19\/ouverture-de-latelier-de-production-et-demarrage-de-la-production\/","og_site_name":"Herceg d.o.o blog","article_publisher":"https:\/\/www.facebook.com\/dooherceg","article_published_time":"2023-11-19T17:45:00+00:00","article_modified_time":"2024-02-08T06:26:13+00:00","og_image":[{"width":2560,"height":1440,"url":"https:\/\/blog.dooherceg.ba\/fr\/wp-content\/uploads\/sites\/9\/2023\/11\/herceg-d-o-o-cover-min-scaled.jpg","type":"image\/jpeg"}],"author":"Demir Kari\u0107","twitter_card":"summary_large_image","twitter_misc":{"\u00c9crit par":"Demir Kari\u0107","Dur\u00e9e de lecture estim\u00e9e":"1 minute"},"schema":{"@context":"https:\/\/schema.org","@graph":[{"@type":"Article","@id":"https:\/\/blog.dooherceg.ba\/fr\/blog\/2023\/11\/19\/ouverture-de-latelier-de-production-et-demarrage-de-la-production\/#article","isPartOf":{"@id":"https:\/\/blog.dooherceg.ba\/fr\/blog\/2023\/11\/19\/ouverture-de-latelier-de-production-et-demarrage-de-la-production\/"},"author":{"name":"Demir Kari\u0107","@id":"https:\/\/blog.dooherceg.ba\/fr\/#\/schema\/person\/1124bea66d6483e5ab66790781f364cf"},"headline":"Ouverture de l&rsquo;atelier de production et d\u00e9marrage de la production","datePublished":"2023-11-19T17:45:00+00:00","dateModified":"2024-02-08T06:26:13+00:00","mainEntityOfPage":{"@id":"https:\/\/blog.dooherceg.ba\/fr\/blog\/2023\/11\/19\/ouverture-de-latelier-de-production-et-demarrage-de-la-production\/"},"wordCount":202,"commentCount":0,"publisher":{"@id":"https:\/\/blog.dooherceg.ba\/fr\/#organization"},"image":{"@id":"https:\/\/blog.dooherceg.ba\/fr\/blog\/2023\/11\/19\/ouverture-de-latelier-de-production-et-demarrage-de-la-production\/#primaryimage"},"thumbnailUrl":"https:\/\/blog.dooherceg.ba\/fr\/wp-content\/uploads\/sites\/9\/2023\/11\/herceg-d-o-o-cover-min-scaled.jpg","keywords":["bois","fen\u00eatres en bois","herceg wood","portes en bois"],"articleSection":["Bois"],"inLanguage":"fr-FR","potentialAction":[{"@type":"CommentAction","name":"Comment","target":["https:\/\/blog.dooherceg.ba\/fr\/blog\/2023\/11\/19\/ouverture-de-latelier-de-production-et-demarrage-de-la-production\/#respond"]}]},{"@type":"WebPage","@id":"https:\/\/blog.dooherceg.ba\/fr\/blog\/2023\/11\/19\/ouverture-de-latelier-de-production-et-demarrage-de-la-production\/","url":"https:\/\/blog.dooherceg.ba\/fr\/blog\/2023\/11\/19\/ouverture-de-latelier-de-production-et-demarrage-de-la-production\/","name":"Ouverture de l'atelier de production et d\u00e9marrage de la production - Herceg d.o.o blog","isPartOf":{"@id":"https:\/\/blog.dooherceg.ba\/fr\/#website"},"primaryImageOfPage":{"@id":"https:\/\/blog.dooherceg.ba\/fr\/blog\/2023\/11\/19\/ouverture-de-latelier-de-production-et-demarrage-de-la-production\/#primaryimage"},"image":{"@id":"https:\/\/blog.dooherceg.ba\/fr\/blog\/2023\/11\/19\/ouverture-de-latelier-de-production-et-demarrage-de-la-production\/#primaryimage"},"thumbnailUrl":"https:\/\/blog.dooherceg.ba\/fr\/wp-content\/uploads\/sites\/9\/2023\/11\/herceg-d-o-o-cover-min-scaled.jpg","datePublished":"2023-11-19T17:45:00+00:00","dateModified":"2024-02-08T06:26:13+00:00","description":"L'ouverture de la ligne de production HERCEG WOOD repr\u00e9sente l'aboutissement des efforts investis, de la planification et de la mise en \u0153uvre.","breadcrumb":{"@id":"https:\/\/blog.dooherceg.ba\/fr\/blog\/2023\/11\/19\/ouverture-de-latelier-de-production-et-demarrage-de-la-production\/#breadcrumb"},"inLanguage":"fr-FR","potentialAction":[{"@type":"ReadAction","target":["https:\/\/blog.dooherceg.ba\/fr\/blog\/2023\/11\/19\/ouverture-de-latelier-de-production-et-demarrage-de-la-production\/"]}]},{"@type":"ImageObject","inLanguage":"fr-FR","@id":"https:\/\/blog.dooherceg.ba\/fr\/blog\/2023\/11\/19\/ouverture-de-latelier-de-production-et-demarrage-de-la-production\/#primaryimage","url":"https:\/\/blog.dooherceg.ba\/fr\/wp-content\/uploads\/sites\/9\/2023\/11\/herceg-d-o-o-cover-min-scaled.jpg","contentUrl":"https:\/\/blog.dooherceg.ba\/fr\/wp-content\/uploads\/sites\/9\/2023\/11\/herceg-d-o-o-cover-min-scaled.jpg","width":2560,"height":1440},{"@type":"BreadcrumbList","@id":"https:\/\/blog.dooherceg.ba\/fr\/blog\/2023\/11\/19\/ouverture-de-latelier-de-production-et-demarrage-de-la-production\/#breadcrumb","itemListElement":[{"@type":"ListItem","position":1,"name":"Home","item":"https:\/\/blog.dooherceg.ba\/fr\/"},{"@type":"ListItem","position":2,"name":"Ouverture de l&rsquo;atelier de production et d\u00e9marrage de la production"}]},{"@type":"WebSite","@id":"https:\/\/blog.dooherceg.ba\/fr\/#website","url":"https:\/\/blog.dooherceg.ba\/fr\/","name":"Herceg d.o.o. blog","description":"","publisher":{"@id":"https:\/\/blog.dooherceg.ba\/fr\/#organization"},"potentialAction":[{"@type":"SearchAction","target":{"@type":"EntryPoint","urlTemplate":"https:\/\/blog.dooherceg.ba\/fr\/?s={search_term_string}"},"query-input":{"@type":"PropertyValueSpecification","valueRequired":true,"valueName":"search_term_string"}}],"inLanguage":"fr-FR"},{"@type":"Organization","@id":"https:\/\/blog.dooherceg.ba\/fr\/#organization","name":"Herceg d.o.o.","url":"https:\/\/blog.dooherceg.ba\/fr\/","logo":{"@type":"ImageObject","inLanguage":"fr-FR","@id":"https:\/\/blog.dooherceg.ba\/fr\/#\/schema\/logo\/image\/","url":"https:\/\/blog.dooherceg.ba\/fr\/wp-content\/uploads\/sites\/9\/2020\/12\/LOGO-HERCEG-transparent.png","contentUrl":"https:\/\/blog.dooherceg.ba\/fr\/wp-content\/uploads\/sites\/9\/2020\/12\/LOGO-HERCEG-transparent.png","width":1403,"height":971,"caption":"Herceg d.o.o."},"image":{"@id":"https:\/\/blog.dooherceg.ba\/fr\/#\/schema\/logo\/image\/"},"sameAs":["https:\/\/www.facebook.com\/dooherceg","https:\/\/ba.linkedin.com\/company\/herceg-d-o-o-","https:\/\/www.youtube.com\/channel\/UCHDln9nmssd__ol3YWafZHg"]},{"@type":"Person","@id":"https:\/\/blog.dooherceg.ba\/fr\/#\/schema\/person\/1124bea66d6483e5ab66790781f364cf","name":"Demir Kari\u0107","image":{"@type":"ImageObject","inLanguage":"fr-FR","@id":"https:\/\/blog.dooherceg.ba\/fr\/#\/schema\/person\/image\/","url":"https:\/\/secure.gravatar.com\/avatar\/83240fee59b0d0e95760ea750bcd6178e1812419573477ad6c670fa7452469d7?s=96&d=mm&r=g","contentUrl":"https:\/\/secure.gravatar.com\/avatar\/83240fee59b0d0e95760ea750bcd6178e1812419573477ad6c670fa7452469d7?s=96&d=mm&r=g","caption":"Demir Kari\u0107"},"sameAs":["http:\/\/administrator@dooherceg.ba"],"url":"https:\/\/blog.dooherceg.ba\/fr\/blog\/author\/demirk\/"}]}},"_links":{"self":[{"href":"https:\/\/blog.dooherceg.ba\/fr\/wp-json\/wp\/v2\/posts\/232","targetHints":{"allow":["GET"]}}],"collection":[{"href":"https:\/\/blog.dooherceg.ba\/fr\/wp-json\/wp\/v2\/posts"}],"about":[{"href":"https:\/\/blog.dooherceg.ba\/fr\/wp-json\/wp\/v2\/types\/post"}],"author":[{"embeddable":true,"href":"https:\/\/blog.dooherceg.ba\/fr\/wp-json\/wp\/v2\/users\/2"}],"replies":[{"embeddable":true,"href":"https:\/\/blog.dooherceg.ba\/fr\/wp-json\/wp\/v2\/comments?post=232"}],"version-history":[{"count":8,"href":"https:\/\/blog.dooherceg.ba\/fr\/wp-json\/wp\/v2\/posts\/232\/revisions"}],"predecessor-version":[{"id":353,"href":"https:\/\/blog.dooherceg.ba\/fr\/wp-json\/wp\/v2\/posts\/232\/revisions\/353"}],"wp:featuredmedia":[{"embeddable":true,"href":"https:\/\/blog.dooherceg.ba\/fr\/wp-json\/wp\/v2\/media\/233"}],"wp:attachment":[{"href":"https:\/\/blog.dooherceg.ba\/fr\/wp-json\/wp\/v2\/media?parent=232"}],"wp:term":[{"taxonomy":"category","embeddable":true,"href":"https:\/\/blog.dooherceg.ba\/fr\/wp-json\/wp\/v2\/categories?post=232"},{"taxonomy":"post_tag","embeddable":true,"href":"https:\/\/blog.dooherceg.ba\/fr\/wp-json\/wp\/v2\/tags?post=232"}],"curies":[{"name":"wp","href":"https:\/\/api.w.org\/{rel}","templated":true}]}}