{"id":254,"date":"2023-11-13T12:05:00","date_gmt":"2023-11-13T11:05:00","guid":{"rendered":"https:\/\/blog.dooherceg.ba\/fr\/?p=254"},"modified":"2024-02-08T07:23:52","modified_gmt":"2024-02-08T06:23:52","slug":"la-construction-du-hall-pour-la-production-de-menuiserie-en-bois-de-lentreprise-herceg-doo-a-ete-achevee","status":"publish","type":"post","link":"https:\/\/blog.dooherceg.ba\/fr\/blog\/2023\/11\/13\/la-construction-du-hall-pour-la-production-de-menuiserie-en-bois-de-lentreprise-herceg-doo-a-ete-achevee\/","title":{"rendered":"La construction du hall pour la production de menuiserie en bois de l&rsquo;entreprise HERCEG d.o.o. a \u00e9t\u00e9 achev\u00e9e"},"content":{"rendered":"\n<p>Alors que nous approchons de l&rsquo;ach\u00e8vement de la construction, HERCEG d.o.o. entre dans une nouvelle p\u00e9riode de son d\u00e9veloppement. Cette future unit\u00e9 de production repr\u00e9sente une \u00e9tape cl\u00e9 vers la concr\u00e9tisation de notre vision d&rsquo;am\u00e9lioration, baptis\u00e9e HERCEG WOOD.<\/p>\n\n\n\n<h3 class=\"wp-block-heading\"><strong>Nous continuons \u00e0 nous d\u00e9velopper avec succ\u00e8s<\/strong><\/h3>\n\n\n\n<p>Cette expansion pr\u00e9vue de la capacit\u00e9 de production refl\u00e8te notre engagement envers la satisfaction et les besoins de nos clients. Nous nous concentrons sur la production de produits en bois de haute qualit\u00e9 qui garantiront notre position en phase avec la demande croissante du march\u00e9.<\/p>\n\n\n\n<p>L&rsquo;ouverture de ce nouveau hall de production est une \u00e9tape logique dans l&rsquo;\u00e9largissement de notre gamme de produits.<\/p>\n\n\n\n<p>Ce projet de construction d&rsquo;un hall de production de menuiseries en bois repose sur notre engagement dans la production de produits de haute qualit\u00e9. Nous sommes fiers d&rsquo;ouvrir bient\u00f4t les portes de ce hall et de pouvoir r\u00e9pondre \u00e0 la demande croissante pour nos produits en bois.<\/p>\n\n\n\n<p>Soyez avec nous \u00e0 l&rsquo;approche de l&rsquo;ouverture de cette nouvelle unit\u00e9 de production, qui permettra \u00e0 HERCEG d.o.o. de r\u00e9pondre d\u2019avantage aux attentes de nos clients et de fournir des produits de qualit\u00e9 sup\u00e9rieure. <\/p>\n","protected":false},"excerpt":{"rendered":"<p>Alors que nous approchons de l&rsquo;ach\u00e8vement de la construction, HERCEG d.o.o. entre dans une nouvelle p\u00e9riode de son d\u00e9veloppement. Cette future unit\u00e9 de production repr\u00e9sente une \u00e9tape cl\u00e9 vers la concr\u00e9tisation de notre vision d&rsquo;am\u00e9lioration, baptis\u00e9e HERCEG WOOD.<\/p>\n","protected":false},"author":2,"featured_media":344,"comment_status":"open","ping_status":"open","sticky":false,"template":"","format":"standard","meta":{"footnotes":""},"categories":[20],"tags":[37,39,30,38],"class_list":["post-254","post","type-post","status-publish","format-standard","has-post-thumbnail","hentry","category-bois","tag-bois","tag-fenetres-en-bois","tag-herceg-wood-2","tag-portes-en-bois"],"yoast_head":"<!-- This site is optimized with the Yoast SEO plugin v27.1.1 - https:\/\/yoast.com\/product\/yoast-seo-wordpress\/ -->\n<title>La construction du hall pour la production de menuiserie en bois de l&#039;entreprise HERCEG d.o.o. a \u00e9t\u00e9 achev\u00e9e - Herceg d.o.o blog<\/title>\n<meta name=\"description\" content=\"Alors que nous approchons de l&#039;ach\u00e8vement de la construction, HERCEG d.o.o. entre dans une nouvelle p\u00e9riode de son d\u00e9veloppement. Cette future unit\u00e9 de production repr\u00e9sente une \u00e9tape cl\u00e9 vers la concr\u00e9tisation de notre vision d&#039;am\u00e9lioration, baptis\u00e9e HERCEG WOOD.\" \/>\n<meta name=\"robots\" content=\"noindex, follow, max-snippet:-1, max-image-preview:large, max-video-preview:-1\" \/>\n<meta property=\"og:locale\" content=\"fr_FR\" \/>\n<meta property=\"og:type\" content=\"article\" \/>\n<meta property=\"og:title\" content=\"La construction du hall pour la production de menuiserie en bois de l&#039;entreprise HERCEG d.o.o. a \u00e9t\u00e9 achev\u00e9e - Herceg d.o.o blog\" \/>\n<meta property=\"og:description\" content=\"Alors que nous approchons de l&#039;ach\u00e8vement de la construction, HERCEG d.o.o. entre dans une nouvelle p\u00e9riode de son d\u00e9veloppement. Cette future unit\u00e9 de production repr\u00e9sente une \u00e9tape cl\u00e9 vers la concr\u00e9tisation de notre vision d&#039;am\u00e9lioration, baptis\u00e9e HERCEG WOOD.\" \/>\n<meta property=\"og:url\" content=\"https:\/\/blog.dooherceg.ba\/fr\/blog\/2023\/11\/13\/la-construction-du-hall-pour-la-production-de-menuiserie-en-bois-de-lentreprise-herceg-doo-a-ete-achevee\/\" \/>\n<meta property=\"og:site_name\" content=\"Herceg d.o.o blog\" \/>\n<meta property=\"article:publisher\" content=\"https:\/\/www.facebook.com\/dooherceg\" \/>\n<meta property=\"article:published_time\" content=\"2023-11-13T11:05:00+00:00\" \/>\n<meta property=\"article:modified_time\" content=\"2024-02-08T06:23:52+00:00\" \/>\n<meta property=\"og:image\" content=\"https:\/\/blog.dooherceg.ba\/fr\/wp-content\/uploads\/sites\/9\/2023\/11\/hala.jpg\" \/>\n\t<meta property=\"og:image:width\" content=\"2048\" \/>\n\t<meta property=\"og:image:height\" content=\"1536\" \/>\n\t<meta property=\"og:image:type\" content=\"image\/jpeg\" \/>\n<meta name=\"author\" content=\"Demir Kari\u0107\" \/>\n<meta name=\"twitter:card\" content=\"summary_large_image\" \/>\n<meta name=\"twitter:label1\" content=\"\u00c9crit par\" \/>\n\t<meta name=\"twitter:data1\" content=\"Demir Kari\u0107\" \/>\n\t<meta name=\"twitter:label2\" content=\"Dur\u00e9e de lecture estim\u00e9e\" \/>\n\t<meta name=\"twitter:data2\" content=\"1 minute\" \/>\n<script type=\"application\/ld+json\" class=\"yoast-schema-graph\">{\"@context\":\"https:\/\/schema.org\",\"@graph\":[{\"@type\":\"Article\",\"@id\":\"https:\/\/blog.dooherceg.ba\/fr\/blog\/2023\/11\/13\/la-construction-du-hall-pour-la-production-de-menuiserie-en-bois-de-lentreprise-herceg-doo-a-ete-achevee\/#article\",\"isPartOf\":{\"@id\":\"https:\/\/blog.dooherceg.ba\/fr\/blog\/2023\/11\/13\/la-construction-du-hall-pour-la-production-de-menuiserie-en-bois-de-lentreprise-herceg-doo-a-ete-achevee\/\"},\"author\":{\"name\":\"Demir Kari\u0107\",\"@id\":\"https:\/\/blog.dooherceg.ba\/fr\/#\/schema\/person\/1124bea66d6483e5ab66790781f364cf\"},\"headline\":\"La construction du hall pour la production de menuiserie en bois de l&rsquo;entreprise HERCEG d.o.o. a \u00e9t\u00e9 achev\u00e9e\",\"datePublished\":\"2023-11-13T11:05:00+00:00\",\"dateModified\":\"2024-02-08T06:23:52+00:00\",\"mainEntityOfPage\":{\"@id\":\"https:\/\/blog.dooherceg.ba\/fr\/blog\/2023\/11\/13\/la-construction-du-hall-pour-la-production-de-menuiserie-en-bois-de-lentreprise-herceg-doo-a-ete-achevee\/\"},\"wordCount\":235,\"commentCount\":0,\"publisher\":{\"@id\":\"https:\/\/blog.dooherceg.ba\/fr\/#organization\"},\"image\":{\"@id\":\"https:\/\/blog.dooherceg.ba\/fr\/blog\/2023\/11\/13\/la-construction-du-hall-pour-la-production-de-menuiserie-en-bois-de-lentreprise-herceg-doo-a-ete-achevee\/#primaryimage\"},\"thumbnailUrl\":\"https:\/\/blog.dooherceg.ba\/fr\/wp-content\/uploads\/sites\/9\/2023\/11\/hala.jpg\",\"keywords\":[\"bois\",\"fen\u00eatres en bois\",\"herceg wood\",\"portes en bois\"],\"articleSection\":[\"Bois\"],\"inLanguage\":\"fr-FR\",\"potentialAction\":[{\"@type\":\"CommentAction\",\"name\":\"Comment\",\"target\":[\"https:\/\/blog.dooherceg.ba\/fr\/blog\/2023\/11\/13\/la-construction-du-hall-pour-la-production-de-menuiserie-en-bois-de-lentreprise-herceg-doo-a-ete-achevee\/#respond\"]}]},{\"@type\":\"WebPage\",\"@id\":\"https:\/\/blog.dooherceg.ba\/fr\/blog\/2023\/11\/13\/la-construction-du-hall-pour-la-production-de-menuiserie-en-bois-de-lentreprise-herceg-doo-a-ete-achevee\/\",\"url\":\"https:\/\/blog.dooherceg.ba\/fr\/blog\/2023\/11\/13\/la-construction-du-hall-pour-la-production-de-menuiserie-en-bois-de-lentreprise-herceg-doo-a-ete-achevee\/\",\"name\":\"La construction du hall pour la production de menuiserie en bois de l'entreprise HERCEG d.o.o. a \u00e9t\u00e9 achev\u00e9e - Herceg d.o.o blog\",\"isPartOf\":{\"@id\":\"https:\/\/blog.dooherceg.ba\/fr\/#website\"},\"primaryImageOfPage\":{\"@id\":\"https:\/\/blog.dooherceg.ba\/fr\/blog\/2023\/11\/13\/la-construction-du-hall-pour-la-production-de-menuiserie-en-bois-de-lentreprise-herceg-doo-a-ete-achevee\/#primaryimage\"},\"image\":{\"@id\":\"https:\/\/blog.dooherceg.ba\/fr\/blog\/2023\/11\/13\/la-construction-du-hall-pour-la-production-de-menuiserie-en-bois-de-lentreprise-herceg-doo-a-ete-achevee\/#primaryimage\"},\"thumbnailUrl\":\"https:\/\/blog.dooherceg.ba\/fr\/wp-content\/uploads\/sites\/9\/2023\/11\/hala.jpg\",\"datePublished\":\"2023-11-13T11:05:00+00:00\",\"dateModified\":\"2024-02-08T06:23:52+00:00\",\"description\":\"Alors que nous approchons de l'ach\u00e8vement de la construction, HERCEG d.o.o. entre dans une nouvelle p\u00e9riode de son d\u00e9veloppement. Cette future unit\u00e9 de production repr\u00e9sente une \u00e9tape cl\u00e9 vers la concr\u00e9tisation de notre vision d'am\u00e9lioration, baptis\u00e9e HERCEG WOOD.\",\"breadcrumb\":{\"@id\":\"https:\/\/blog.dooherceg.ba\/fr\/blog\/2023\/11\/13\/la-construction-du-hall-pour-la-production-de-menuiserie-en-bois-de-lentreprise-herceg-doo-a-ete-achevee\/#breadcrumb\"},\"inLanguage\":\"fr-FR\",\"potentialAction\":[{\"@type\":\"ReadAction\",\"target\":[\"https:\/\/blog.dooherceg.ba\/fr\/blog\/2023\/11\/13\/la-construction-du-hall-pour-la-production-de-menuiserie-en-bois-de-lentreprise-herceg-doo-a-ete-achevee\/\"]}]},{\"@type\":\"ImageObject\",\"inLanguage\":\"fr-FR\",\"@id\":\"https:\/\/blog.dooherceg.ba\/fr\/blog\/2023\/11\/13\/la-construction-du-hall-pour-la-production-de-menuiserie-en-bois-de-lentreprise-herceg-doo-a-ete-achevee\/#primaryimage\",\"url\":\"https:\/\/blog.dooherceg.ba\/fr\/wp-content\/uploads\/sites\/9\/2023\/11\/hala.jpg\",\"contentUrl\":\"https:\/\/blog.dooherceg.ba\/fr\/wp-content\/uploads\/sites\/9\/2023\/11\/hala.jpg\",\"width\":2048,\"height\":1536},{\"@type\":\"BreadcrumbList\",\"@id\":\"https:\/\/blog.dooherceg.ba\/fr\/blog\/2023\/11\/13\/la-construction-du-hall-pour-la-production-de-menuiserie-en-bois-de-lentreprise-herceg-doo-a-ete-achevee\/#breadcrumb\",\"itemListElement\":[{\"@type\":\"ListItem\",\"position\":1,\"name\":\"Home\",\"item\":\"https:\/\/blog.dooherceg.ba\/fr\/\"},{\"@type\":\"ListItem\",\"position\":2,\"name\":\"La construction du hall pour la production de menuiserie en bois de l&rsquo;entreprise HERCEG d.o.o. a \u00e9t\u00e9 achev\u00e9e\"}]},{\"@type\":\"WebSite\",\"@id\":\"https:\/\/blog.dooherceg.ba\/fr\/#website\",\"url\":\"https:\/\/blog.dooherceg.ba\/fr\/\",\"name\":\"Herceg d.o.o. blog\",\"description\":\"\",\"publisher\":{\"@id\":\"https:\/\/blog.dooherceg.ba\/fr\/#organization\"},\"potentialAction\":[{\"@type\":\"SearchAction\",\"target\":{\"@type\":\"EntryPoint\",\"urlTemplate\":\"https:\/\/blog.dooherceg.ba\/fr\/?s={search_term_string}\"},\"query-input\":{\"@type\":\"PropertyValueSpecification\",\"valueRequired\":true,\"valueName\":\"search_term_string\"}}],\"inLanguage\":\"fr-FR\"},{\"@type\":\"Organization\",\"@id\":\"https:\/\/blog.dooherceg.ba\/fr\/#organization\",\"name\":\"Herceg d.o.o.\",\"url\":\"https:\/\/blog.dooherceg.ba\/fr\/\",\"logo\":{\"@type\":\"ImageObject\",\"inLanguage\":\"fr-FR\",\"@id\":\"https:\/\/blog.dooherceg.ba\/fr\/#\/schema\/logo\/image\/\",\"url\":\"https:\/\/blog.dooherceg.ba\/fr\/wp-content\/uploads\/sites\/9\/2020\/12\/LOGO-HERCEG-transparent.png\",\"contentUrl\":\"https:\/\/blog.dooherceg.ba\/fr\/wp-content\/uploads\/sites\/9\/2020\/12\/LOGO-HERCEG-transparent.png\",\"width\":1403,\"height\":971,\"caption\":\"Herceg d.o.o.\"},\"image\":{\"@id\":\"https:\/\/blog.dooherceg.ba\/fr\/#\/schema\/logo\/image\/\"},\"sameAs\":[\"https:\/\/www.facebook.com\/dooherceg\",\"https:\/\/ba.linkedin.com\/company\/herceg-d-o-o-\",\"https:\/\/www.youtube.com\/channel\/UCHDln9nmssd__ol3YWafZHg\"]},{\"@type\":\"Person\",\"@id\":\"https:\/\/blog.dooherceg.ba\/fr\/#\/schema\/person\/1124bea66d6483e5ab66790781f364cf\",\"name\":\"Demir Kari\u0107\",\"image\":{\"@type\":\"ImageObject\",\"inLanguage\":\"fr-FR\",\"@id\":\"https:\/\/blog.dooherceg.ba\/fr\/#\/schema\/person\/image\/\",\"url\":\"https:\/\/secure.gravatar.com\/avatar\/83240fee59b0d0e95760ea750bcd6178e1812419573477ad6c670fa7452469d7?s=96&d=mm&r=g\",\"contentUrl\":\"https:\/\/secure.gravatar.com\/avatar\/83240fee59b0d0e95760ea750bcd6178e1812419573477ad6c670fa7452469d7?s=96&d=mm&r=g\",\"caption\":\"Demir Kari\u0107\"},\"sameAs\":[\"http:\/\/administrator@dooherceg.ba\"],\"url\":\"https:\/\/blog.dooherceg.ba\/fr\/blog\/author\/demirk\/\"}]}<\/script>\n<!-- \/ Yoast SEO plugin. -->","yoast_head_json":{"title":"La construction du hall pour la production de menuiserie en bois de l'entreprise HERCEG d.o.o. a \u00e9t\u00e9 achev\u00e9e - Herceg d.o.o blog","description":"Alors que nous approchons de l'ach\u00e8vement de la construction, HERCEG d.o.o. entre dans une nouvelle p\u00e9riode de son d\u00e9veloppement. Cette future unit\u00e9 de production repr\u00e9sente une \u00e9tape cl\u00e9 vers la concr\u00e9tisation de notre vision d'am\u00e9lioration, baptis\u00e9e HERCEG WOOD.","robots":{"index":"noindex","follow":"follow","max-snippet":"max-snippet:-1","max-image-preview":"max-image-preview:large","max-video-preview":"max-video-preview:-1"},"og_locale":"fr_FR","og_type":"article","og_title":"La construction du hall pour la production de menuiserie en bois de l'entreprise HERCEG d.o.o. a \u00e9t\u00e9 achev\u00e9e - Herceg d.o.o blog","og_description":"Alors que nous approchons de l'ach\u00e8vement de la construction, HERCEG d.o.o. entre dans une nouvelle p\u00e9riode de son d\u00e9veloppement. Cette future unit\u00e9 de production repr\u00e9sente une \u00e9tape cl\u00e9 vers la concr\u00e9tisation de notre vision d'am\u00e9lioration, baptis\u00e9e HERCEG WOOD.","og_url":"https:\/\/blog.dooherceg.ba\/fr\/blog\/2023\/11\/13\/la-construction-du-hall-pour-la-production-de-menuiserie-en-bois-de-lentreprise-herceg-doo-a-ete-achevee\/","og_site_name":"Herceg d.o.o blog","article_publisher":"https:\/\/www.facebook.com\/dooherceg","article_published_time":"2023-11-13T11:05:00+00:00","article_modified_time":"2024-02-08T06:23:52+00:00","og_image":[{"width":2048,"height":1536,"url":"https:\/\/blog.dooherceg.ba\/fr\/wp-content\/uploads\/sites\/9\/2023\/11\/hala.jpg","type":"image\/jpeg"}],"author":"Demir Kari\u0107","twitter_card":"summary_large_image","twitter_misc":{"\u00c9crit par":"Demir Kari\u0107","Dur\u00e9e de lecture estim\u00e9e":"1 minute"},"schema":{"@context":"https:\/\/schema.org","@graph":[{"@type":"Article","@id":"https:\/\/blog.dooherceg.ba\/fr\/blog\/2023\/11\/13\/la-construction-du-hall-pour-la-production-de-menuiserie-en-bois-de-lentreprise-herceg-doo-a-ete-achevee\/#article","isPartOf":{"@id":"https:\/\/blog.dooherceg.ba\/fr\/blog\/2023\/11\/13\/la-construction-du-hall-pour-la-production-de-menuiserie-en-bois-de-lentreprise-herceg-doo-a-ete-achevee\/"},"author":{"name":"Demir Kari\u0107","@id":"https:\/\/blog.dooherceg.ba\/fr\/#\/schema\/person\/1124bea66d6483e5ab66790781f364cf"},"headline":"La construction du hall pour la production de menuiserie en bois de l&rsquo;entreprise HERCEG d.o.o. a \u00e9t\u00e9 achev\u00e9e","datePublished":"2023-11-13T11:05:00+00:00","dateModified":"2024-02-08T06:23:52+00:00","mainEntityOfPage":{"@id":"https:\/\/blog.dooherceg.ba\/fr\/blog\/2023\/11\/13\/la-construction-du-hall-pour-la-production-de-menuiserie-en-bois-de-lentreprise-herceg-doo-a-ete-achevee\/"},"wordCount":235,"commentCount":0,"publisher":{"@id":"https:\/\/blog.dooherceg.ba\/fr\/#organization"},"image":{"@id":"https:\/\/blog.dooherceg.ba\/fr\/blog\/2023\/11\/13\/la-construction-du-hall-pour-la-production-de-menuiserie-en-bois-de-lentreprise-herceg-doo-a-ete-achevee\/#primaryimage"},"thumbnailUrl":"https:\/\/blog.dooherceg.ba\/fr\/wp-content\/uploads\/sites\/9\/2023\/11\/hala.jpg","keywords":["bois","fen\u00eatres en bois","herceg wood","portes en bois"],"articleSection":["Bois"],"inLanguage":"fr-FR","potentialAction":[{"@type":"CommentAction","name":"Comment","target":["https:\/\/blog.dooherceg.ba\/fr\/blog\/2023\/11\/13\/la-construction-du-hall-pour-la-production-de-menuiserie-en-bois-de-lentreprise-herceg-doo-a-ete-achevee\/#respond"]}]},{"@type":"WebPage","@id":"https:\/\/blog.dooherceg.ba\/fr\/blog\/2023\/11\/13\/la-construction-du-hall-pour-la-production-de-menuiserie-en-bois-de-lentreprise-herceg-doo-a-ete-achevee\/","url":"https:\/\/blog.dooherceg.ba\/fr\/blog\/2023\/11\/13\/la-construction-du-hall-pour-la-production-de-menuiserie-en-bois-de-lentreprise-herceg-doo-a-ete-achevee\/","name":"La construction du hall pour la production de menuiserie en bois de l'entreprise HERCEG d.o.o. a \u00e9t\u00e9 achev\u00e9e - Herceg d.o.o blog","isPartOf":{"@id":"https:\/\/blog.dooherceg.ba\/fr\/#website"},"primaryImageOfPage":{"@id":"https:\/\/blog.dooherceg.ba\/fr\/blog\/2023\/11\/13\/la-construction-du-hall-pour-la-production-de-menuiserie-en-bois-de-lentreprise-herceg-doo-a-ete-achevee\/#primaryimage"},"image":{"@id":"https:\/\/blog.dooherceg.ba\/fr\/blog\/2023\/11\/13\/la-construction-du-hall-pour-la-production-de-menuiserie-en-bois-de-lentreprise-herceg-doo-a-ete-achevee\/#primaryimage"},"thumbnailUrl":"https:\/\/blog.dooherceg.ba\/fr\/wp-content\/uploads\/sites\/9\/2023\/11\/hala.jpg","datePublished":"2023-11-13T11:05:00+00:00","dateModified":"2024-02-08T06:23:52+00:00","description":"Alors que nous approchons de l'ach\u00e8vement de la construction, HERCEG d.o.o. entre dans une nouvelle p\u00e9riode de son d\u00e9veloppement. Cette future unit\u00e9 de production repr\u00e9sente une \u00e9tape cl\u00e9 vers la concr\u00e9tisation de notre vision d'am\u00e9lioration, baptis\u00e9e HERCEG WOOD.","breadcrumb":{"@id":"https:\/\/blog.dooherceg.ba\/fr\/blog\/2023\/11\/13\/la-construction-du-hall-pour-la-production-de-menuiserie-en-bois-de-lentreprise-herceg-doo-a-ete-achevee\/#breadcrumb"},"inLanguage":"fr-FR","potentialAction":[{"@type":"ReadAction","target":["https:\/\/blog.dooherceg.ba\/fr\/blog\/2023\/11\/13\/la-construction-du-hall-pour-la-production-de-menuiserie-en-bois-de-lentreprise-herceg-doo-a-ete-achevee\/"]}]},{"@type":"ImageObject","inLanguage":"fr-FR","@id":"https:\/\/blog.dooherceg.ba\/fr\/blog\/2023\/11\/13\/la-construction-du-hall-pour-la-production-de-menuiserie-en-bois-de-lentreprise-herceg-doo-a-ete-achevee\/#primaryimage","url":"https:\/\/blog.dooherceg.ba\/fr\/wp-content\/uploads\/sites\/9\/2023\/11\/hala.jpg","contentUrl":"https:\/\/blog.dooherceg.ba\/fr\/wp-content\/uploads\/sites\/9\/2023\/11\/hala.jpg","width":2048,"height":1536},{"@type":"BreadcrumbList","@id":"https:\/\/blog.dooherceg.ba\/fr\/blog\/2023\/11\/13\/la-construction-du-hall-pour-la-production-de-menuiserie-en-bois-de-lentreprise-herceg-doo-a-ete-achevee\/#breadcrumb","itemListElement":[{"@type":"ListItem","position":1,"name":"Home","item":"https:\/\/blog.dooherceg.ba\/fr\/"},{"@type":"ListItem","position":2,"name":"La construction du hall pour la production de menuiserie en bois de l&rsquo;entreprise HERCEG d.o.o. a \u00e9t\u00e9 achev\u00e9e"}]},{"@type":"WebSite","@id":"https:\/\/blog.dooherceg.ba\/fr\/#website","url":"https:\/\/blog.dooherceg.ba\/fr\/","name":"Herceg d.o.o. blog","description":"","publisher":{"@id":"https:\/\/blog.dooherceg.ba\/fr\/#organization"},"potentialAction":[{"@type":"SearchAction","target":{"@type":"EntryPoint","urlTemplate":"https:\/\/blog.dooherceg.ba\/fr\/?s={search_term_string}"},"query-input":{"@type":"PropertyValueSpecification","valueRequired":true,"valueName":"search_term_string"}}],"inLanguage":"fr-FR"},{"@type":"Organization","@id":"https:\/\/blog.dooherceg.ba\/fr\/#organization","name":"Herceg d.o.o.","url":"https:\/\/blog.dooherceg.ba\/fr\/","logo":{"@type":"ImageObject","inLanguage":"fr-FR","@id":"https:\/\/blog.dooherceg.ba\/fr\/#\/schema\/logo\/image\/","url":"https:\/\/blog.dooherceg.ba\/fr\/wp-content\/uploads\/sites\/9\/2020\/12\/LOGO-HERCEG-transparent.png","contentUrl":"https:\/\/blog.dooherceg.ba\/fr\/wp-content\/uploads\/sites\/9\/2020\/12\/LOGO-HERCEG-transparent.png","width":1403,"height":971,"caption":"Herceg d.o.o."},"image":{"@id":"https:\/\/blog.dooherceg.ba\/fr\/#\/schema\/logo\/image\/"},"sameAs":["https:\/\/www.facebook.com\/dooherceg","https:\/\/ba.linkedin.com\/company\/herceg-d-o-o-","https:\/\/www.youtube.com\/channel\/UCHDln9nmssd__ol3YWafZHg"]},{"@type":"Person","@id":"https:\/\/blog.dooherceg.ba\/fr\/#\/schema\/person\/1124bea66d6483e5ab66790781f364cf","name":"Demir Kari\u0107","image":{"@type":"ImageObject","inLanguage":"fr-FR","@id":"https:\/\/blog.dooherceg.ba\/fr\/#\/schema\/person\/image\/","url":"https:\/\/secure.gravatar.com\/avatar\/83240fee59b0d0e95760ea750bcd6178e1812419573477ad6c670fa7452469d7?s=96&d=mm&r=g","contentUrl":"https:\/\/secure.gravatar.com\/avatar\/83240fee59b0d0e95760ea750bcd6178e1812419573477ad6c670fa7452469d7?s=96&d=mm&r=g","caption":"Demir Kari\u0107"},"sameAs":["http:\/\/administrator@dooherceg.ba"],"url":"https:\/\/blog.dooherceg.ba\/fr\/blog\/author\/demirk\/"}]}},"_links":{"self":[{"href":"https:\/\/blog.dooherceg.ba\/fr\/wp-json\/wp\/v2\/posts\/254","targetHints":{"allow":["GET"]}}],"collection":[{"href":"https:\/\/blog.dooherceg.ba\/fr\/wp-json\/wp\/v2\/posts"}],"about":[{"href":"https:\/\/blog.dooherceg.ba\/fr\/wp-json\/wp\/v2\/types\/post"}],"author":[{"embeddable":true,"href":"https:\/\/blog.dooherceg.ba\/fr\/wp-json\/wp\/v2\/users\/2"}],"replies":[{"embeddable":true,"href":"https:\/\/blog.dooherceg.ba\/fr\/wp-json\/wp\/v2\/comments?post=254"}],"version-history":[{"count":7,"href":"https:\/\/blog.dooherceg.ba\/fr\/wp-json\/wp\/v2\/posts\/254\/revisions"}],"predecessor-version":[{"id":357,"href":"https:\/\/blog.dooherceg.ba\/fr\/wp-json\/wp\/v2\/posts\/254\/revisions\/357"}],"wp:featuredmedia":[{"embeddable":true,"href":"https:\/\/blog.dooherceg.ba\/fr\/wp-json\/wp\/v2\/media\/344"}],"wp:attachment":[{"href":"https:\/\/blog.dooherceg.ba\/fr\/wp-json\/wp\/v2\/media?parent=254"}],"wp:term":[{"taxonomy":"category","embeddable":true,"href":"https:\/\/blog.dooherceg.ba\/fr\/wp-json\/wp\/v2\/categories?post=254"},{"taxonomy":"post_tag","embeddable":true,"href":"https:\/\/blog.dooherceg.ba\/fr\/wp-json\/wp\/v2\/tags?post=254"}],"curies":[{"name":"wp","href":"https:\/\/api.w.org\/{rel}","templated":true}]}}