{"id":330,"date":"2024-02-07T14:31:53","date_gmt":"2024-02-07T13:31:53","guid":{"rendered":"https:\/\/blog.dooherceg.ba\/fr\/?p=330"},"modified":"2024-02-08T07:25:27","modified_gmt":"2024-02-08T06:25:27","slug":"visite-de-lentreprise-michael-veinig-ag-et-formation-des-employes","status":"publish","type":"post","link":"https:\/\/blog.dooherceg.ba\/fr\/blog\/2024\/02\/07\/visite-de-lentreprise-michael-veinig-ag-et-formation-des-employes\/","title":{"rendered":"Visite de l\u2019entreprise Michael Veinig AG et formation des employ\u00e9s"},"content":{"rendered":"\n<p>Nous sommes fiers de partager des nouvelles importantes concernant l\u2019am\u00e9lioration de notre production. R\u00e9cemment, nos employ\u00e9s Nuraga \u0160ehri\u0107, Mirza Mujkanovi\u0107, Aldin Muslimovi\u0107 et Kenan Salihba\u0161i\u0107 ont suivi une formation au sein de l&rsquo;entreprise Michael Weinig AG, ce qui nous a permis d&rsquo;acqu\u00e9rir des connaissances cl\u00e9s pour la mise en \u0153uvre des derni\u00e8res technologies dans notre production de menuiseries en bois.<\/p>\n\n\n\n<p>Cette \u00e9tape est une cons\u00e9quence de l&rsquo;acquisition r\u00e9cente de trois machines de pointe qui seront essentielles \u00e0 notre processus de fabrication de portes, fen\u00eatres, baie&nbsp;vitr\u00e9e&nbsp;coulissante et autres produits en bois. Les Contorex Vario XS, Opticut S50 et Powermat 700 sont non seulement des machines exceptionnelles sur le plan technique, mais aussi les premiers exemples de machines de ce types en Bosnie-Herz\u00e9govine.<\/p>\n\n\n\n<h4 class=\"wp-block-heading\">Opticut S50<\/h4>\n\n\n\n<p>Une machine qui assure une d\u00e9coupe et une optimisation optimales des mat\u00e9riaux, dans le but de r\u00e9duire les pertes et d\u2019am\u00e9liorer l\u2019efficacit\u00e9 globale.<\/p>\n\n\n\n<figure class=\"wp-block-image size-full\"><img loading=\"lazy\" decoding=\"async\" width=\"1024\" height=\"771\" src=\"https:\/\/blog.dooherceg.ba\/fr\/wp-content\/uploads\/sites\/9\/2024\/02\/opticut-s50.webp\" alt=\"\" class=\"wp-image-332\" srcset=\"https:\/\/blog.dooherceg.ba\/fr\/wp-content\/uploads\/sites\/9\/2024\/02\/opticut-s50.webp 1024w, https:\/\/blog.dooherceg.ba\/fr\/wp-content\/uploads\/sites\/9\/2024\/02\/opticut-s50-300x226.webp 300w, https:\/\/blog.dooherceg.ba\/fr\/wp-content\/uploads\/sites\/9\/2024\/02\/opticut-s50-768x578.webp 768w, https:\/\/blog.dooherceg.ba\/fr\/wp-content\/uploads\/sites\/9\/2024\/02\/opticut-s50-16x12.webp 16w, https:\/\/blog.dooherceg.ba\/fr\/wp-content\/uploads\/sites\/9\/2024\/02\/opticut-s50-550x414.webp 550w\" sizes=\"auto, (max-width: 1024px) 100vw, 1024px\" \/><\/figure>\n\n\n\n<h4 class=\"wp-block-heading\">Conturex Vario XS<\/h4>\n\n\n\n<p>Une machine CNC compacte qui offre une flexibilit\u00e9 et une pr\u00e9cision remarquables. Id\u00e9al pour la production de fen\u00eatres, portes et autres composants en bois et offre une gestion simple, une grande flexibilit\u00e9 et une qualit\u00e9 de traitement \u00e9lev\u00e9e.<\/p>\n\n\n\n<figure class=\"wp-block-image size-full\"><img loading=\"lazy\" decoding=\"async\" width=\"1024\" height=\"771\" src=\"https:\/\/blog.dooherceg.ba\/fr\/wp-content\/uploads\/sites\/9\/2024\/02\/conturex.webp\" alt=\"\" class=\"wp-image-333\" srcset=\"https:\/\/blog.dooherceg.ba\/fr\/wp-content\/uploads\/sites\/9\/2024\/02\/conturex.webp 1024w, https:\/\/blog.dooherceg.ba\/fr\/wp-content\/uploads\/sites\/9\/2024\/02\/conturex-300x226.webp 300w, https:\/\/blog.dooherceg.ba\/fr\/wp-content\/uploads\/sites\/9\/2024\/02\/conturex-768x578.webp 768w, https:\/\/blog.dooherceg.ba\/fr\/wp-content\/uploads\/sites\/9\/2024\/02\/conturex-16x12.webp 16w, https:\/\/blog.dooherceg.ba\/fr\/wp-content\/uploads\/sites\/9\/2024\/02\/conturex-550x414.webp 550w\" sizes=\"auto, (max-width: 1024px) 100vw, 1024px\" \/><\/figure>\n\n\n\n<h4 class=\"wp-block-heading\">Powermat 700<\/h4>\n\n\n\n<p>Une machine pour travailler le bois qui allie innovation, pr\u00e9cision et haut niveau d&rsquo;efficacit\u00e9. Son concept de commande unique permet un r\u00e9glage rapide et un haut niveau de r\u00e9p\u00e9tabilit\u00e9, ce qui le rend id\u00e9al pour la production d&rsquo;\u00e9l\u00e9ments en bois de haute qualit\u00e9 pour fen\u00eatres, portes, baies vitr\u00e9es coulissantes et autres produits similaires.<\/p>\n\n\n\n<figure class=\"wp-block-image size-full\"><img loading=\"lazy\" decoding=\"async\" width=\"1024\" height=\"771\" src=\"https:\/\/blog.dooherceg.ba\/fr\/wp-content\/uploads\/sites\/9\/2024\/02\/powermat.webp\" alt=\"\" class=\"wp-image-334\" srcset=\"https:\/\/blog.dooherceg.ba\/fr\/wp-content\/uploads\/sites\/9\/2024\/02\/powermat.webp 1024w, https:\/\/blog.dooherceg.ba\/fr\/wp-content\/uploads\/sites\/9\/2024\/02\/powermat-300x226.webp 300w, https:\/\/blog.dooherceg.ba\/fr\/wp-content\/uploads\/sites\/9\/2024\/02\/powermat-768x578.webp 768w, https:\/\/blog.dooherceg.ba\/fr\/wp-content\/uploads\/sites\/9\/2024\/02\/powermat-16x12.webp 16w, https:\/\/blog.dooherceg.ba\/fr\/wp-content\/uploads\/sites\/9\/2024\/02\/powermat-550x414.webp 550w\" sizes=\"auto, (max-width: 1024px) 100vw, 1024px\" \/><\/figure>\n\n\n\n<p><strong>Nous soulignons avec fiert\u00e9 que nous sommes les premiers en Bosnie-Herz\u00e9govine \u00e0 poss\u00e9der un centre de d\u00e9coupe Contorex Vario XS et que nous sommes les premiers dans la r\u00e9gion \u00e0 disposer d&rsquo;une ligne de production avec ces trois machines.<\/strong><\/p>\n\n\n\n<p>Ces images montrent l&rsquo;engagement de notre \u00e9quipe \u00e0 s&rsquo;am\u00e9liorer continuellement pour vous fournir des produits de qualit\u00e9 sup\u00e9rieure.<\/p>\n\n\n\n<p>Nous sommes impatients de partager cette r\u00e9ussite avec nos clients, nos partenaires et tous ceux qui suivent le d\u00e9veloppement de notre entreprise. Restez avec nous car nous vous informerons r\u00e9guli\u00e8rement des nouveaut\u00e9s et des projets que nous d\u00e9veloppons dans notre nouvelle usine. <\/p>\n","protected":false},"excerpt":{"rendered":"<p>Nous sommes fiers de partager des nouvelles importantes concernant l\u2019am\u00e9lioration de notre production. R\u00e9cemment, nos employ\u00e9s Nuraga \u0160ehri\u0107, Mirza Mujkanovi\u0107, Aldin Muslimovi\u0107 et Kenan Salihba\u0161i\u0107 ont suivi une formation au sein de l&rsquo;entreprise Michael Weinig AG, ce qui nous a permis d&rsquo;acqu\u00e9rir des connaissances cl\u00e9s pour la mise en \u0153uvre des derni\u00e8res technologies dans notre production de menuiseries en bois.<\/p>\n","protected":false},"author":1,"featured_media":331,"comment_status":"open","ping_status":"open","sticky":false,"template":"","format":"standard","meta":{"footnotes":""},"categories":[20],"tags":[21],"class_list":["post-330","post","type-post","status-publish","format-standard","has-post-thumbnail","hentry","category-bois","tag-herceg-wood"],"yoast_head":"<!-- This site is optimized with the Yoast SEO plugin v27.1.1 - https:\/\/yoast.com\/product\/yoast-seo-wordpress\/ -->\n<title>Visite de l\u2019entreprise Michael Veinig AG et formation des employ\u00e9s - Herceg d.o.o blog<\/title>\n<meta name=\"robots\" content=\"noindex, follow, max-snippet:-1, max-image-preview:large, max-video-preview:-1\" \/>\n<meta property=\"og:locale\" content=\"fr_FR\" \/>\n<meta property=\"og:type\" content=\"article\" \/>\n<meta property=\"og:title\" content=\"Visite de l\u2019entreprise Michael Veinig AG et formation des employ\u00e9s - Herceg d.o.o blog\" \/>\n<meta property=\"og:description\" content=\"Nous sommes fiers de partager des nouvelles importantes concernant l\u2019am\u00e9lioration de notre production. R\u00e9cemment, nos employ\u00e9s Nuraga \u0160ehri\u0107, Mirza Mujkanovi\u0107, Aldin Muslimovi\u0107 et Kenan Salihba\u0161i\u0107 ont suivi une formation au sein de l&#039;entreprise Michael Weinig AG, ce qui nous a permis d&#039;acqu\u00e9rir des connaissances cl\u00e9s pour la mise en \u0153uvre des derni\u00e8res technologies dans notre production de menuiseries en bois.\" \/>\n<meta property=\"og:url\" content=\"https:\/\/blog.dooherceg.ba\/fr\/blog\/2024\/02\/07\/visite-de-lentreprise-michael-veinig-ag-et-formation-des-employes\/\" \/>\n<meta property=\"og:site_name\" content=\"Herceg d.o.o blog\" \/>\n<meta property=\"article:publisher\" content=\"https:\/\/www.facebook.com\/dooherceg\" \/>\n<meta property=\"article:published_time\" content=\"2024-02-07T13:31:53+00:00\" \/>\n<meta property=\"article:modified_time\" content=\"2024-02-08T06:25:27+00:00\" \/>\n<meta property=\"og:image\" content=\"https:\/\/blog.dooherceg.ba\/fr\/wp-content\/uploads\/sites\/9\/2024\/02\/zaposleni-u-weinig.webp\" \/>\n\t<meta property=\"og:image:width\" content=\"1024\" \/>\n\t<meta property=\"og:image:height\" content=\"771\" \/>\n\t<meta property=\"og:image:type\" content=\"image\/webp\" \/>\n<meta name=\"author\" content=\"amelj_admin\" \/>\n<meta name=\"twitter:card\" content=\"summary_large_image\" \/>\n<meta name=\"twitter:label1\" content=\"\u00c9crit par\" \/>\n\t<meta name=\"twitter:data1\" content=\"amelj_admin\" \/>\n\t<meta name=\"twitter:label2\" content=\"Dur\u00e9e de lecture estim\u00e9e\" \/>\n\t<meta name=\"twitter:data2\" content=\"2 minutes\" \/>\n<script type=\"application\/ld+json\" class=\"yoast-schema-graph\">{\"@context\":\"https:\/\/schema.org\",\"@graph\":[{\"@type\":\"Article\",\"@id\":\"https:\/\/blog.dooherceg.ba\/fr\/blog\/2024\/02\/07\/visite-de-lentreprise-michael-veinig-ag-et-formation-des-employes\/#article\",\"isPartOf\":{\"@id\":\"https:\/\/blog.dooherceg.ba\/fr\/blog\/2024\/02\/07\/visite-de-lentreprise-michael-veinig-ag-et-formation-des-employes\/\"},\"author\":{\"name\":\"amelj_admin\",\"@id\":\"https:\/\/blog.dooherceg.ba\/fr\/#\/schema\/person\/8373e723bc018639a038d382463cc0d0\"},\"headline\":\"Visite de l\u2019entreprise Michael Veinig AG et formation des employ\u00e9s\",\"datePublished\":\"2024-02-07T13:31:53+00:00\",\"dateModified\":\"2024-02-08T06:25:27+00:00\",\"mainEntityOfPage\":{\"@id\":\"https:\/\/blog.dooherceg.ba\/fr\/blog\/2024\/02\/07\/visite-de-lentreprise-michael-veinig-ag-et-formation-des-employes\/\"},\"wordCount\":402,\"commentCount\":0,\"publisher\":{\"@id\":\"https:\/\/blog.dooherceg.ba\/fr\/#organization\"},\"image\":{\"@id\":\"https:\/\/blog.dooherceg.ba\/fr\/blog\/2024\/02\/07\/visite-de-lentreprise-michael-veinig-ag-et-formation-des-employes\/#primaryimage\"},\"thumbnailUrl\":\"https:\/\/blog.dooherceg.ba\/fr\/wp-content\/uploads\/sites\/9\/2024\/02\/zaposleni-u-weinig.webp\",\"keywords\":[\"herceg-wood\"],\"articleSection\":[\"Bois\"],\"inLanguage\":\"fr-FR\",\"potentialAction\":[{\"@type\":\"CommentAction\",\"name\":\"Comment\",\"target\":[\"https:\/\/blog.dooherceg.ba\/fr\/blog\/2024\/02\/07\/visite-de-lentreprise-michael-veinig-ag-et-formation-des-employes\/#respond\"]}]},{\"@type\":\"WebPage\",\"@id\":\"https:\/\/blog.dooherceg.ba\/fr\/blog\/2024\/02\/07\/visite-de-lentreprise-michael-veinig-ag-et-formation-des-employes\/\",\"url\":\"https:\/\/blog.dooherceg.ba\/fr\/blog\/2024\/02\/07\/visite-de-lentreprise-michael-veinig-ag-et-formation-des-employes\/\",\"name\":\"Visite de l\u2019entreprise Michael Veinig AG et formation des employ\u00e9s - Herceg d.o.o blog\",\"isPartOf\":{\"@id\":\"https:\/\/blog.dooherceg.ba\/fr\/#website\"},\"primaryImageOfPage\":{\"@id\":\"https:\/\/blog.dooherceg.ba\/fr\/blog\/2024\/02\/07\/visite-de-lentreprise-michael-veinig-ag-et-formation-des-employes\/#primaryimage\"},\"image\":{\"@id\":\"https:\/\/blog.dooherceg.ba\/fr\/blog\/2024\/02\/07\/visite-de-lentreprise-michael-veinig-ag-et-formation-des-employes\/#primaryimage\"},\"thumbnailUrl\":\"https:\/\/blog.dooherceg.ba\/fr\/wp-content\/uploads\/sites\/9\/2024\/02\/zaposleni-u-weinig.webp\",\"datePublished\":\"2024-02-07T13:31:53+00:00\",\"dateModified\":\"2024-02-08T06:25:27+00:00\",\"breadcrumb\":{\"@id\":\"https:\/\/blog.dooherceg.ba\/fr\/blog\/2024\/02\/07\/visite-de-lentreprise-michael-veinig-ag-et-formation-des-employes\/#breadcrumb\"},\"inLanguage\":\"fr-FR\",\"potentialAction\":[{\"@type\":\"ReadAction\",\"target\":[\"https:\/\/blog.dooherceg.ba\/fr\/blog\/2024\/02\/07\/visite-de-lentreprise-michael-veinig-ag-et-formation-des-employes\/\"]}]},{\"@type\":\"ImageObject\",\"inLanguage\":\"fr-FR\",\"@id\":\"https:\/\/blog.dooherceg.ba\/fr\/blog\/2024\/02\/07\/visite-de-lentreprise-michael-veinig-ag-et-formation-des-employes\/#primaryimage\",\"url\":\"https:\/\/blog.dooherceg.ba\/fr\/wp-content\/uploads\/sites\/9\/2024\/02\/zaposleni-u-weinig.webp\",\"contentUrl\":\"https:\/\/blog.dooherceg.ba\/fr\/wp-content\/uploads\/sites\/9\/2024\/02\/zaposleni-u-weinig.webp\",\"width\":1024,\"height\":771},{\"@type\":\"BreadcrumbList\",\"@id\":\"https:\/\/blog.dooherceg.ba\/fr\/blog\/2024\/02\/07\/visite-de-lentreprise-michael-veinig-ag-et-formation-des-employes\/#breadcrumb\",\"itemListElement\":[{\"@type\":\"ListItem\",\"position\":1,\"name\":\"Home\",\"item\":\"https:\/\/blog.dooherceg.ba\/fr\/\"},{\"@type\":\"ListItem\",\"position\":2,\"name\":\"Visite de l\u2019entreprise Michael Veinig AG et formation des employ\u00e9s\"}]},{\"@type\":\"WebSite\",\"@id\":\"https:\/\/blog.dooherceg.ba\/fr\/#website\",\"url\":\"https:\/\/blog.dooherceg.ba\/fr\/\",\"name\":\"Herceg d.o.o. blog\",\"description\":\"\",\"publisher\":{\"@id\":\"https:\/\/blog.dooherceg.ba\/fr\/#organization\"},\"potentialAction\":[{\"@type\":\"SearchAction\",\"target\":{\"@type\":\"EntryPoint\",\"urlTemplate\":\"https:\/\/blog.dooherceg.ba\/fr\/?s={search_term_string}\"},\"query-input\":{\"@type\":\"PropertyValueSpecification\",\"valueRequired\":true,\"valueName\":\"search_term_string\"}}],\"inLanguage\":\"fr-FR\"},{\"@type\":\"Organization\",\"@id\":\"https:\/\/blog.dooherceg.ba\/fr\/#organization\",\"name\":\"Herceg d.o.o.\",\"url\":\"https:\/\/blog.dooherceg.ba\/fr\/\",\"logo\":{\"@type\":\"ImageObject\",\"inLanguage\":\"fr-FR\",\"@id\":\"https:\/\/blog.dooherceg.ba\/fr\/#\/schema\/logo\/image\/\",\"url\":\"https:\/\/blog.dooherceg.ba\/fr\/wp-content\/uploads\/sites\/9\/2020\/12\/LOGO-HERCEG-transparent.png\",\"contentUrl\":\"https:\/\/blog.dooherceg.ba\/fr\/wp-content\/uploads\/sites\/9\/2020\/12\/LOGO-HERCEG-transparent.png\",\"width\":1403,\"height\":971,\"caption\":\"Herceg d.o.o.\"},\"image\":{\"@id\":\"https:\/\/blog.dooherceg.ba\/fr\/#\/schema\/logo\/image\/\"},\"sameAs\":[\"https:\/\/www.facebook.com\/dooherceg\",\"https:\/\/ba.linkedin.com\/company\/herceg-d-o-o-\",\"https:\/\/www.youtube.com\/channel\/UCHDln9nmssd__ol3YWafZHg\"]},{\"@type\":\"Person\",\"@id\":\"https:\/\/blog.dooherceg.ba\/fr\/#\/schema\/person\/8373e723bc018639a038d382463cc0d0\",\"name\":\"amelj_admin\",\"image\":{\"@type\":\"ImageObject\",\"inLanguage\":\"fr-FR\",\"@id\":\"https:\/\/blog.dooherceg.ba\/fr\/#\/schema\/person\/image\/\",\"url\":\"https:\/\/secure.gravatar.com\/avatar\/3d400a3fea52f6a1d3bd375f00a27bd9bae3851eacd6fa2687f8dac6556eecb4?s=96&d=mm&r=g\",\"contentUrl\":\"https:\/\/secure.gravatar.com\/avatar\/3d400a3fea52f6a1d3bd375f00a27bd9bae3851eacd6fa2687f8dac6556eecb4?s=96&d=mm&r=g\",\"caption\":\"amelj_admin\"},\"url\":\"https:\/\/blog.dooherceg.ba\/fr\/blog\/author\/amelj_admin\/\"}]}<\/script>\n<!-- \/ Yoast SEO plugin. -->","yoast_head_json":{"title":"Visite de l\u2019entreprise Michael Veinig AG et formation des employ\u00e9s - Herceg d.o.o blog","robots":{"index":"noindex","follow":"follow","max-snippet":"max-snippet:-1","max-image-preview":"max-image-preview:large","max-video-preview":"max-video-preview:-1"},"og_locale":"fr_FR","og_type":"article","og_title":"Visite de l\u2019entreprise Michael Veinig AG et formation des employ\u00e9s - Herceg d.o.o blog","og_description":"Nous sommes fiers de partager des nouvelles importantes concernant l\u2019am\u00e9lioration de notre production. R\u00e9cemment, nos employ\u00e9s Nuraga \u0160ehri\u0107, Mirza Mujkanovi\u0107, Aldin Muslimovi\u0107 et Kenan Salihba\u0161i\u0107 ont suivi une formation au sein de l'entreprise Michael Weinig AG, ce qui nous a permis d'acqu\u00e9rir des connaissances cl\u00e9s pour la mise en \u0153uvre des derni\u00e8res technologies dans notre production de menuiseries en bois.","og_url":"https:\/\/blog.dooherceg.ba\/fr\/blog\/2024\/02\/07\/visite-de-lentreprise-michael-veinig-ag-et-formation-des-employes\/","og_site_name":"Herceg d.o.o blog","article_publisher":"https:\/\/www.facebook.com\/dooherceg","article_published_time":"2024-02-07T13:31:53+00:00","article_modified_time":"2024-02-08T06:25:27+00:00","og_image":[{"width":1024,"height":771,"url":"https:\/\/blog.dooherceg.ba\/fr\/wp-content\/uploads\/sites\/9\/2024\/02\/zaposleni-u-weinig.webp","type":"image\/webp"}],"author":"amelj_admin","twitter_card":"summary_large_image","twitter_misc":{"\u00c9crit par":"amelj_admin","Dur\u00e9e de lecture estim\u00e9e":"2 minutes"},"schema":{"@context":"https:\/\/schema.org","@graph":[{"@type":"Article","@id":"https:\/\/blog.dooherceg.ba\/fr\/blog\/2024\/02\/07\/visite-de-lentreprise-michael-veinig-ag-et-formation-des-employes\/#article","isPartOf":{"@id":"https:\/\/blog.dooherceg.ba\/fr\/blog\/2024\/02\/07\/visite-de-lentreprise-michael-veinig-ag-et-formation-des-employes\/"},"author":{"name":"amelj_admin","@id":"https:\/\/blog.dooherceg.ba\/fr\/#\/schema\/person\/8373e723bc018639a038d382463cc0d0"},"headline":"Visite de l\u2019entreprise Michael Veinig AG et formation des employ\u00e9s","datePublished":"2024-02-07T13:31:53+00:00","dateModified":"2024-02-08T06:25:27+00:00","mainEntityOfPage":{"@id":"https:\/\/blog.dooherceg.ba\/fr\/blog\/2024\/02\/07\/visite-de-lentreprise-michael-veinig-ag-et-formation-des-employes\/"},"wordCount":402,"commentCount":0,"publisher":{"@id":"https:\/\/blog.dooherceg.ba\/fr\/#organization"},"image":{"@id":"https:\/\/blog.dooherceg.ba\/fr\/blog\/2024\/02\/07\/visite-de-lentreprise-michael-veinig-ag-et-formation-des-employes\/#primaryimage"},"thumbnailUrl":"https:\/\/blog.dooherceg.ba\/fr\/wp-content\/uploads\/sites\/9\/2024\/02\/zaposleni-u-weinig.webp","keywords":["herceg-wood"],"articleSection":["Bois"],"inLanguage":"fr-FR","potentialAction":[{"@type":"CommentAction","name":"Comment","target":["https:\/\/blog.dooherceg.ba\/fr\/blog\/2024\/02\/07\/visite-de-lentreprise-michael-veinig-ag-et-formation-des-employes\/#respond"]}]},{"@type":"WebPage","@id":"https:\/\/blog.dooherceg.ba\/fr\/blog\/2024\/02\/07\/visite-de-lentreprise-michael-veinig-ag-et-formation-des-employes\/","url":"https:\/\/blog.dooherceg.ba\/fr\/blog\/2024\/02\/07\/visite-de-lentreprise-michael-veinig-ag-et-formation-des-employes\/","name":"Visite de l\u2019entreprise Michael Veinig AG et formation des employ\u00e9s - Herceg d.o.o blog","isPartOf":{"@id":"https:\/\/blog.dooherceg.ba\/fr\/#website"},"primaryImageOfPage":{"@id":"https:\/\/blog.dooherceg.ba\/fr\/blog\/2024\/02\/07\/visite-de-lentreprise-michael-veinig-ag-et-formation-des-employes\/#primaryimage"},"image":{"@id":"https:\/\/blog.dooherceg.ba\/fr\/blog\/2024\/02\/07\/visite-de-lentreprise-michael-veinig-ag-et-formation-des-employes\/#primaryimage"},"thumbnailUrl":"https:\/\/blog.dooherceg.ba\/fr\/wp-content\/uploads\/sites\/9\/2024\/02\/zaposleni-u-weinig.webp","datePublished":"2024-02-07T13:31:53+00:00","dateModified":"2024-02-08T06:25:27+00:00","breadcrumb":{"@id":"https:\/\/blog.dooherceg.ba\/fr\/blog\/2024\/02\/07\/visite-de-lentreprise-michael-veinig-ag-et-formation-des-employes\/#breadcrumb"},"inLanguage":"fr-FR","potentialAction":[{"@type":"ReadAction","target":["https:\/\/blog.dooherceg.ba\/fr\/blog\/2024\/02\/07\/visite-de-lentreprise-michael-veinig-ag-et-formation-des-employes\/"]}]},{"@type":"ImageObject","inLanguage":"fr-FR","@id":"https:\/\/blog.dooherceg.ba\/fr\/blog\/2024\/02\/07\/visite-de-lentreprise-michael-veinig-ag-et-formation-des-employes\/#primaryimage","url":"https:\/\/blog.dooherceg.ba\/fr\/wp-content\/uploads\/sites\/9\/2024\/02\/zaposleni-u-weinig.webp","contentUrl":"https:\/\/blog.dooherceg.ba\/fr\/wp-content\/uploads\/sites\/9\/2024\/02\/zaposleni-u-weinig.webp","width":1024,"height":771},{"@type":"BreadcrumbList","@id":"https:\/\/blog.dooherceg.ba\/fr\/blog\/2024\/02\/07\/visite-de-lentreprise-michael-veinig-ag-et-formation-des-employes\/#breadcrumb","itemListElement":[{"@type":"ListItem","position":1,"name":"Home","item":"https:\/\/blog.dooherceg.ba\/fr\/"},{"@type":"ListItem","position":2,"name":"Visite de l\u2019entreprise Michael Veinig AG et formation des employ\u00e9s"}]},{"@type":"WebSite","@id":"https:\/\/blog.dooherceg.ba\/fr\/#website","url":"https:\/\/blog.dooherceg.ba\/fr\/","name":"Herceg d.o.o. blog","description":"","publisher":{"@id":"https:\/\/blog.dooherceg.ba\/fr\/#organization"},"potentialAction":[{"@type":"SearchAction","target":{"@type":"EntryPoint","urlTemplate":"https:\/\/blog.dooherceg.ba\/fr\/?s={search_term_string}"},"query-input":{"@type":"PropertyValueSpecification","valueRequired":true,"valueName":"search_term_string"}}],"inLanguage":"fr-FR"},{"@type":"Organization","@id":"https:\/\/blog.dooherceg.ba\/fr\/#organization","name":"Herceg d.o.o.","url":"https:\/\/blog.dooherceg.ba\/fr\/","logo":{"@type":"ImageObject","inLanguage":"fr-FR","@id":"https:\/\/blog.dooherceg.ba\/fr\/#\/schema\/logo\/image\/","url":"https:\/\/blog.dooherceg.ba\/fr\/wp-content\/uploads\/sites\/9\/2020\/12\/LOGO-HERCEG-transparent.png","contentUrl":"https:\/\/blog.dooherceg.ba\/fr\/wp-content\/uploads\/sites\/9\/2020\/12\/LOGO-HERCEG-transparent.png","width":1403,"height":971,"caption":"Herceg d.o.o."},"image":{"@id":"https:\/\/blog.dooherceg.ba\/fr\/#\/schema\/logo\/image\/"},"sameAs":["https:\/\/www.facebook.com\/dooherceg","https:\/\/ba.linkedin.com\/company\/herceg-d-o-o-","https:\/\/www.youtube.com\/channel\/UCHDln9nmssd__ol3YWafZHg"]},{"@type":"Person","@id":"https:\/\/blog.dooherceg.ba\/fr\/#\/schema\/person\/8373e723bc018639a038d382463cc0d0","name":"amelj_admin","image":{"@type":"ImageObject","inLanguage":"fr-FR","@id":"https:\/\/blog.dooherceg.ba\/fr\/#\/schema\/person\/image\/","url":"https:\/\/secure.gravatar.com\/avatar\/3d400a3fea52f6a1d3bd375f00a27bd9bae3851eacd6fa2687f8dac6556eecb4?s=96&d=mm&r=g","contentUrl":"https:\/\/secure.gravatar.com\/avatar\/3d400a3fea52f6a1d3bd375f00a27bd9bae3851eacd6fa2687f8dac6556eecb4?s=96&d=mm&r=g","caption":"amelj_admin"},"url":"https:\/\/blog.dooherceg.ba\/fr\/blog\/author\/amelj_admin\/"}]}},"_links":{"self":[{"href":"https:\/\/blog.dooherceg.ba\/fr\/wp-json\/wp\/v2\/posts\/330","targetHints":{"allow":["GET"]}}],"collection":[{"href":"https:\/\/blog.dooherceg.ba\/fr\/wp-json\/wp\/v2\/posts"}],"about":[{"href":"https:\/\/blog.dooherceg.ba\/fr\/wp-json\/wp\/v2\/types\/post"}],"author":[{"embeddable":true,"href":"https:\/\/blog.dooherceg.ba\/fr\/wp-json\/wp\/v2\/users\/1"}],"replies":[{"embeddable":true,"href":"https:\/\/blog.dooherceg.ba\/fr\/wp-json\/wp\/v2\/comments?post=330"}],"version-history":[{"count":2,"href":"https:\/\/blog.dooherceg.ba\/fr\/wp-json\/wp\/v2\/posts\/330\/revisions"}],"predecessor-version":[{"id":359,"href":"https:\/\/blog.dooherceg.ba\/fr\/wp-json\/wp\/v2\/posts\/330\/revisions\/359"}],"wp:featuredmedia":[{"embeddable":true,"href":"https:\/\/blog.dooherceg.ba\/fr\/wp-json\/wp\/v2\/media\/331"}],"wp:attachment":[{"href":"https:\/\/blog.dooherceg.ba\/fr\/wp-json\/wp\/v2\/media?parent=330"}],"wp:term":[{"taxonomy":"category","embeddable":true,"href":"https:\/\/blog.dooherceg.ba\/fr\/wp-json\/wp\/v2\/categories?post=330"},{"taxonomy":"post_tag","embeddable":true,"href":"https:\/\/blog.dooherceg.ba\/fr\/wp-json\/wp\/v2\/tags?post=330"}],"curies":[{"name":"wp","href":"https:\/\/api.w.org\/{rel}","templated":true}]}}