{"id":217,"date":"2023-11-13T11:54:37","date_gmt":"2023-11-13T10:54:37","guid":{"rendered":"https:\/\/blog.dooherceg.ba\/nl\/?p=217"},"modified":"2024-02-08T07:29:48","modified_gmt":"2024-02-08T06:29:48","slug":"herceg-wood-een-project-dat-onze-productie-en-ons-productaanbod-zal-verbeteren","status":"publish","type":"post","link":"https:\/\/blog.dooherceg.ba\/nl\/blog\/2023\/11\/13\/herceg-wood-een-project-dat-onze-productie-en-ons-productaanbod-zal-verbeteren\/","title":{"rendered":"HERCEG WOOD: Een project dat onze productie en ons productaanbod zal verbeteren"},"content":{"rendered":"\n<p>In ons bedrijf HERCEG d.o.o. hebben wij vanaf het begin bij de productie van ramen en deuren de nadruk gelegd op kwaliteit. We hebben hoge normen gesteld in de branche en verbeteren voortdurend om aan de behoeften van onze klanten te voldoen. Nu gaan we nog een stap verder en lanceren we het HERCEG WOOD-project.<\/p>\n\n\n\n<p>Dit project is een belangrijke mijlpaal in de ontwikkeling van ons bedrijf, omdat we onze producten uitbreiden en een volledig nieuw materiaal in het productieprogramma introduceren: hout. Hout was ooit een symbool van traditie en natuurlijke elegantie, maar was minder effici\u00ebnt en duurzaam dan materialen als PVC en aluminium. Dankzij technologische en materi\u00eble innovaties is hout echter opnieuw een aantrekkelijke en concurrerende oplossing geworden.<\/p>\n\n\n\n<h3 class=\"wp-block-heading\"><strong><strong>Analyses en marktvraag: lancering van het HERCEG WOOD-project<\/strong><\/strong><\/h3>\n\n\n\n<p>De beslissing om het HERCEG WOOD-project te lanceren werd genomen op basis van een zorgvuldige analyse en doordachte strategie\u00ebn. Met behulp van onze eigen middelen en kennis hebben we de behoeften van de markt en de eisen van onze klanten herkend. Een van de belangrijkste factoren die deze beslissing be\u00efnvloedden was de toenemende vraag naar houtproducten, evenals de combinatie hout-aluminium, die populair is geworden vanwege zijn esthetiek en duurzaamheid.<\/p>\n\n\n\n<p>De markt ontwikkelt en verandert voortdurend, en we zijn altijd toonaangevend geweest in het aanpassen aan nieuwe trends. Door hout- en hout-aluminiumproducten te introduceren, zullen we beter kunnen voldoen aan de behoeften van klanten die de warmte en natuurlijke esthetiek van hout waarderen, maar ook willen profiteren van de voordelen van aluminium, zoals duurzaamheid en effici\u00ebntie.<\/p>\n\n\n\n<h3 class=\"wp-block-heading\"><strong><strong>Technologische vooruitgang: de vierde industri\u00eble revolutie in de raam- en deurindustrie<\/strong><\/strong><\/h3>\n\n\n\n<p>Dit project is tevens een weerspiegeling van de technologische vooruitgang in de raam- en deurindustrie. Deze vooruitgang maakt deel uit van de vierde industri\u00eble revolutie, waarin digitalisering en automatisering van productieprocessen samenkomen om een \u200b\u200beffici\u00ebntere productie te cre\u00ebren. Door moderne technologie\u00ebn en innovaties toe te passen bij de productie van houten producten, kunnen we klanten producten van hoge kwaliteit en prestaties aanbieden, terwijl de natuurlijke schoonheid van hout behouden blijft.<\/p>\n\n\n\n<h3 class=\"wp-block-heading\"><strong><strong>Tijdframes en doelen<\/strong><\/strong><\/h3>\n\n\n\n<p>Het HERCEG WOOD-project heeft duidelijk gedefinieerde tijdsbestekken en fases van het project, die zijn afgestemd op de doelstellingen en middelen van ons bedrijf. De voltooiing van alle werkzaamheden en de ingebruikname van de productiefaciliteit voor het HERCEG WOOD-project zijn gepland voor het einde van het eerste kwartaal van 2024.<\/p>\n","protected":false},"excerpt":{"rendered":"<p>In ons bedrijf HERCEG d.o.o. hebben wij vanaf het begin bij de productie van ramen en deuren de nadruk gelegd op kwaliteit. We hebben hoge normen gesteld in de branche en verbeteren voortdurend om aan de behoeften van onze klanten te voldoen. Nu gaan we nog een stap verder en lanceren we het HERCEG WOOD-project.<\/p>\n","protected":false},"author":2,"featured_media":262,"comment_status":"open","ping_status":"open","sticky":false,"template":"","format":"standard","meta":{"footnotes":""},"categories":[20],"tags":[21,36,37,38],"class_list":["post-217","post","type-post","status-publish","format-standard","has-post-thumbnail","hentry","category-hout","tag-herceg-wood","tag-hout","tag-hout-aluminium","tag-houten-timmerwerk"],"yoast_head":"<!-- This site is optimized with the Yoast SEO plugin v27.1.1 - https:\/\/yoast.com\/product\/yoast-seo-wordpress\/ -->\n<title>HERCEG WOOD: Een project dat onze productie en ons productaanbod zal verbeteren - Herceg d.o.o blog<\/title>\n<meta name=\"description\" content=\"In ons bedrijf HERCEG d.o.o. hebben wij vanaf het begin bij de productie van ramen en deuren de nadruk gelegd op kwaliteit.\" \/>\n<meta name=\"robots\" content=\"noindex, follow, max-snippet:-1, max-image-preview:large, max-video-preview:-1\" \/>\n<meta property=\"og:locale\" content=\"nl_NL\" \/>\n<meta property=\"og:type\" content=\"article\" \/>\n<meta property=\"og:title\" content=\"HERCEG WOOD: Een project dat onze productie en ons productaanbod zal verbeteren - Herceg d.o.o blog\" \/>\n<meta property=\"og:description\" content=\"In ons bedrijf HERCEG d.o.o. hebben wij vanaf het begin bij de productie van ramen en deuren de nadruk gelegd op kwaliteit.\" \/>\n<meta property=\"og:url\" content=\"https:\/\/blog.dooherceg.ba\/nl\/blog\/2023\/11\/13\/herceg-wood-een-project-dat-onze-productie-en-ons-productaanbod-zal-verbeteren\/\" \/>\n<meta property=\"og:site_name\" content=\"Herceg d.o.o blog\" \/>\n<meta property=\"article:publisher\" content=\"https:\/\/www.facebook.com\/dooherceg\" \/>\n<meta property=\"article:published_time\" content=\"2023-11-13T10:54:37+00:00\" \/>\n<meta property=\"article:modified_time\" content=\"2024-02-08T06:29:48+00:00\" \/>\n<meta property=\"og:image\" content=\"https:\/\/blog.dooherceg.ba\/nl\/wp-content\/uploads\/sites\/10\/2023\/11\/IMG_02041-scaled.jpg\" \/>\n\t<meta property=\"og:image:width\" content=\"2560\" \/>\n\t<meta property=\"og:image:height\" content=\"1701\" \/>\n\t<meta property=\"og:image:type\" content=\"image\/jpeg\" \/>\n<meta name=\"author\" content=\"Demir Kari\u0107\" \/>\n<meta name=\"twitter:card\" content=\"summary_large_image\" \/>\n<meta name=\"twitter:label1\" content=\"Geschreven door\" \/>\n\t<meta name=\"twitter:data1\" content=\"Demir Kari\u0107\" \/>\n\t<meta name=\"twitter:label2\" content=\"Geschatte leestijd\" \/>\n\t<meta name=\"twitter:data2\" content=\"2 minuten\" \/>\n<script type=\"application\/ld+json\" class=\"yoast-schema-graph\">{\"@context\":\"https:\/\/schema.org\",\"@graph\":[{\"@type\":\"Article\",\"@id\":\"https:\/\/blog.dooherceg.ba\/nl\/blog\/2023\/11\/13\/herceg-wood-een-project-dat-onze-productie-en-ons-productaanbod-zal-verbeteren\/#article\",\"isPartOf\":{\"@id\":\"https:\/\/blog.dooherceg.ba\/nl\/blog\/2023\/11\/13\/herceg-wood-een-project-dat-onze-productie-en-ons-productaanbod-zal-verbeteren\/\"},\"author\":{\"name\":\"Demir Kari\u0107\",\"@id\":\"https:\/\/blog.dooherceg.ba\/nl\/#\/schema\/person\/1124bea66d6483e5ab66790781f364cf\"},\"headline\":\"HERCEG WOOD: Een project dat onze productie en ons productaanbod zal verbeteren\",\"datePublished\":\"2023-11-13T10:54:37+00:00\",\"dateModified\":\"2024-02-08T06:29:48+00:00\",\"mainEntityOfPage\":{\"@id\":\"https:\/\/blog.dooherceg.ba\/nl\/blog\/2023\/11\/13\/herceg-wood-een-project-dat-onze-productie-en-ons-productaanbod-zal-verbeteren\/\"},\"wordCount\":408,\"commentCount\":0,\"publisher\":{\"@id\":\"https:\/\/blog.dooherceg.ba\/nl\/#organization\"},\"image\":{\"@id\":\"https:\/\/blog.dooherceg.ba\/nl\/blog\/2023\/11\/13\/herceg-wood-een-project-dat-onze-productie-en-ons-productaanbod-zal-verbeteren\/#primaryimage\"},\"thumbnailUrl\":\"https:\/\/blog.dooherceg.ba\/nl\/wp-content\/uploads\/sites\/10\/2023\/11\/IMG_02041-scaled.jpg\",\"keywords\":[\"herceg-wood\",\"hout\",\"hout-aluminium\",\"houten timmerwerk\"],\"articleSection\":[\"Hout\"],\"inLanguage\":\"nl-NL\",\"potentialAction\":[{\"@type\":\"CommentAction\",\"name\":\"Comment\",\"target\":[\"https:\/\/blog.dooherceg.ba\/nl\/blog\/2023\/11\/13\/herceg-wood-een-project-dat-onze-productie-en-ons-productaanbod-zal-verbeteren\/#respond\"]}]},{\"@type\":\"WebPage\",\"@id\":\"https:\/\/blog.dooherceg.ba\/nl\/blog\/2023\/11\/13\/herceg-wood-een-project-dat-onze-productie-en-ons-productaanbod-zal-verbeteren\/\",\"url\":\"https:\/\/blog.dooherceg.ba\/nl\/blog\/2023\/11\/13\/herceg-wood-een-project-dat-onze-productie-en-ons-productaanbod-zal-verbeteren\/\",\"name\":\"HERCEG WOOD: Een project dat onze productie en ons productaanbod zal verbeteren - Herceg d.o.o blog\",\"isPartOf\":{\"@id\":\"https:\/\/blog.dooherceg.ba\/nl\/#website\"},\"primaryImageOfPage\":{\"@id\":\"https:\/\/blog.dooherceg.ba\/nl\/blog\/2023\/11\/13\/herceg-wood-een-project-dat-onze-productie-en-ons-productaanbod-zal-verbeteren\/#primaryimage\"},\"image\":{\"@id\":\"https:\/\/blog.dooherceg.ba\/nl\/blog\/2023\/11\/13\/herceg-wood-een-project-dat-onze-productie-en-ons-productaanbod-zal-verbeteren\/#primaryimage\"},\"thumbnailUrl\":\"https:\/\/blog.dooherceg.ba\/nl\/wp-content\/uploads\/sites\/10\/2023\/11\/IMG_02041-scaled.jpg\",\"datePublished\":\"2023-11-13T10:54:37+00:00\",\"dateModified\":\"2024-02-08T06:29:48+00:00\",\"description\":\"In ons bedrijf HERCEG d.o.o. hebben wij vanaf het begin bij de productie van ramen en deuren de nadruk gelegd op kwaliteit.\",\"breadcrumb\":{\"@id\":\"https:\/\/blog.dooherceg.ba\/nl\/blog\/2023\/11\/13\/herceg-wood-een-project-dat-onze-productie-en-ons-productaanbod-zal-verbeteren\/#breadcrumb\"},\"inLanguage\":\"nl-NL\",\"potentialAction\":[{\"@type\":\"ReadAction\",\"target\":[\"https:\/\/blog.dooherceg.ba\/nl\/blog\/2023\/11\/13\/herceg-wood-een-project-dat-onze-productie-en-ons-productaanbod-zal-verbeteren\/\"]}]},{\"@type\":\"ImageObject\",\"inLanguage\":\"nl-NL\",\"@id\":\"https:\/\/blog.dooherceg.ba\/nl\/blog\/2023\/11\/13\/herceg-wood-een-project-dat-onze-productie-en-ons-productaanbod-zal-verbeteren\/#primaryimage\",\"url\":\"https:\/\/blog.dooherceg.ba\/nl\/wp-content\/uploads\/sites\/10\/2023\/11\/IMG_02041-scaled.jpg\",\"contentUrl\":\"https:\/\/blog.dooherceg.ba\/nl\/wp-content\/uploads\/sites\/10\/2023\/11\/IMG_02041-scaled.jpg\",\"width\":2560,\"height\":1701},{\"@type\":\"BreadcrumbList\",\"@id\":\"https:\/\/blog.dooherceg.ba\/nl\/blog\/2023\/11\/13\/herceg-wood-een-project-dat-onze-productie-en-ons-productaanbod-zal-verbeteren\/#breadcrumb\",\"itemListElement\":[{\"@type\":\"ListItem\",\"position\":1,\"name\":\"Home\",\"item\":\"https:\/\/blog.dooherceg.ba\/nl\/\"},{\"@type\":\"ListItem\",\"position\":2,\"name\":\"HERCEG WOOD: Een project dat onze productie en ons productaanbod zal verbeteren\"}]},{\"@type\":\"WebSite\",\"@id\":\"https:\/\/blog.dooherceg.ba\/nl\/#website\",\"url\":\"https:\/\/blog.dooherceg.ba\/nl\/\",\"name\":\"Herceg d.o.o. blog\",\"description\":\"\",\"publisher\":{\"@id\":\"https:\/\/blog.dooherceg.ba\/nl\/#organization\"},\"potentialAction\":[{\"@type\":\"SearchAction\",\"target\":{\"@type\":\"EntryPoint\",\"urlTemplate\":\"https:\/\/blog.dooherceg.ba\/nl\/?s={search_term_string}\"},\"query-input\":{\"@type\":\"PropertyValueSpecification\",\"valueRequired\":true,\"valueName\":\"search_term_string\"}}],\"inLanguage\":\"nl-NL\"},{\"@type\":\"Organization\",\"@id\":\"https:\/\/blog.dooherceg.ba\/nl\/#organization\",\"name\":\"Herceg d.o.o.\",\"url\":\"https:\/\/blog.dooherceg.ba\/nl\/\",\"logo\":{\"@type\":\"ImageObject\",\"inLanguage\":\"nl-NL\",\"@id\":\"https:\/\/blog.dooherceg.ba\/nl\/#\/schema\/logo\/image\/\",\"url\":\"https:\/\/blog.dooherceg.ba\/nl\/wp-content\/uploads\/sites\/10\/2020\/12\/LOGO-HERCEG-transparent.png\",\"contentUrl\":\"https:\/\/blog.dooherceg.ba\/nl\/wp-content\/uploads\/sites\/10\/2020\/12\/LOGO-HERCEG-transparent.png\",\"width\":1403,\"height\":971,\"caption\":\"Herceg d.o.o.\"},\"image\":{\"@id\":\"https:\/\/blog.dooherceg.ba\/nl\/#\/schema\/logo\/image\/\"},\"sameAs\":[\"https:\/\/www.facebook.com\/dooherceg\",\"https:\/\/ba.linkedin.com\/company\/herceg-d-o-o-\",\"https:\/\/www.youtube.com\/channel\/UCHDln9nmssd__ol3YWafZHg\"]},{\"@type\":\"Person\",\"@id\":\"https:\/\/blog.dooherceg.ba\/nl\/#\/schema\/person\/1124bea66d6483e5ab66790781f364cf\",\"name\":\"Demir Kari\u0107\",\"image\":{\"@type\":\"ImageObject\",\"inLanguage\":\"nl-NL\",\"@id\":\"https:\/\/blog.dooherceg.ba\/nl\/#\/schema\/person\/image\/\",\"url\":\"https:\/\/secure.gravatar.com\/avatar\/83240fee59b0d0e95760ea750bcd6178e1812419573477ad6c670fa7452469d7?s=96&d=mm&r=g\",\"contentUrl\":\"https:\/\/secure.gravatar.com\/avatar\/83240fee59b0d0e95760ea750bcd6178e1812419573477ad6c670fa7452469d7?s=96&d=mm&r=g\",\"caption\":\"Demir Kari\u0107\"},\"sameAs\":[\"http:\/\/administrator@dooherceg.ba\"],\"url\":\"https:\/\/blog.dooherceg.ba\/nl\/blog\/author\/demirk\/\"}]}<\/script>\n<!-- \/ Yoast SEO plugin. -->","yoast_head_json":{"title":"HERCEG WOOD: Een project dat onze productie en ons productaanbod zal verbeteren - Herceg d.o.o blog","description":"In ons bedrijf HERCEG d.o.o. hebben wij vanaf het begin bij de productie van ramen en deuren de nadruk gelegd op kwaliteit.","robots":{"index":"noindex","follow":"follow","max-snippet":"max-snippet:-1","max-image-preview":"max-image-preview:large","max-video-preview":"max-video-preview:-1"},"og_locale":"nl_NL","og_type":"article","og_title":"HERCEG WOOD: Een project dat onze productie en ons productaanbod zal verbeteren - Herceg d.o.o blog","og_description":"In ons bedrijf HERCEG d.o.o. hebben wij vanaf het begin bij de productie van ramen en deuren de nadruk gelegd op kwaliteit.","og_url":"https:\/\/blog.dooherceg.ba\/nl\/blog\/2023\/11\/13\/herceg-wood-een-project-dat-onze-productie-en-ons-productaanbod-zal-verbeteren\/","og_site_name":"Herceg d.o.o blog","article_publisher":"https:\/\/www.facebook.com\/dooherceg","article_published_time":"2023-11-13T10:54:37+00:00","article_modified_time":"2024-02-08T06:29:48+00:00","og_image":[{"width":2560,"height":1701,"url":"https:\/\/blog.dooherceg.ba\/nl\/wp-content\/uploads\/sites\/10\/2023\/11\/IMG_02041-scaled.jpg","type":"image\/jpeg"}],"author":"Demir Kari\u0107","twitter_card":"summary_large_image","twitter_misc":{"Geschreven door":"Demir Kari\u0107","Geschatte leestijd":"2 minuten"},"schema":{"@context":"https:\/\/schema.org","@graph":[{"@type":"Article","@id":"https:\/\/blog.dooherceg.ba\/nl\/blog\/2023\/11\/13\/herceg-wood-een-project-dat-onze-productie-en-ons-productaanbod-zal-verbeteren\/#article","isPartOf":{"@id":"https:\/\/blog.dooherceg.ba\/nl\/blog\/2023\/11\/13\/herceg-wood-een-project-dat-onze-productie-en-ons-productaanbod-zal-verbeteren\/"},"author":{"name":"Demir Kari\u0107","@id":"https:\/\/blog.dooherceg.ba\/nl\/#\/schema\/person\/1124bea66d6483e5ab66790781f364cf"},"headline":"HERCEG WOOD: Een project dat onze productie en ons productaanbod zal verbeteren","datePublished":"2023-11-13T10:54:37+00:00","dateModified":"2024-02-08T06:29:48+00:00","mainEntityOfPage":{"@id":"https:\/\/blog.dooherceg.ba\/nl\/blog\/2023\/11\/13\/herceg-wood-een-project-dat-onze-productie-en-ons-productaanbod-zal-verbeteren\/"},"wordCount":408,"commentCount":0,"publisher":{"@id":"https:\/\/blog.dooherceg.ba\/nl\/#organization"},"image":{"@id":"https:\/\/blog.dooherceg.ba\/nl\/blog\/2023\/11\/13\/herceg-wood-een-project-dat-onze-productie-en-ons-productaanbod-zal-verbeteren\/#primaryimage"},"thumbnailUrl":"https:\/\/blog.dooherceg.ba\/nl\/wp-content\/uploads\/sites\/10\/2023\/11\/IMG_02041-scaled.jpg","keywords":["herceg-wood","hout","hout-aluminium","houten timmerwerk"],"articleSection":["Hout"],"inLanguage":"nl-NL","potentialAction":[{"@type":"CommentAction","name":"Comment","target":["https:\/\/blog.dooherceg.ba\/nl\/blog\/2023\/11\/13\/herceg-wood-een-project-dat-onze-productie-en-ons-productaanbod-zal-verbeteren\/#respond"]}]},{"@type":"WebPage","@id":"https:\/\/blog.dooherceg.ba\/nl\/blog\/2023\/11\/13\/herceg-wood-een-project-dat-onze-productie-en-ons-productaanbod-zal-verbeteren\/","url":"https:\/\/blog.dooherceg.ba\/nl\/blog\/2023\/11\/13\/herceg-wood-een-project-dat-onze-productie-en-ons-productaanbod-zal-verbeteren\/","name":"HERCEG WOOD: Een project dat onze productie en ons productaanbod zal verbeteren - Herceg d.o.o blog","isPartOf":{"@id":"https:\/\/blog.dooherceg.ba\/nl\/#website"},"primaryImageOfPage":{"@id":"https:\/\/blog.dooherceg.ba\/nl\/blog\/2023\/11\/13\/herceg-wood-een-project-dat-onze-productie-en-ons-productaanbod-zal-verbeteren\/#primaryimage"},"image":{"@id":"https:\/\/blog.dooherceg.ba\/nl\/blog\/2023\/11\/13\/herceg-wood-een-project-dat-onze-productie-en-ons-productaanbod-zal-verbeteren\/#primaryimage"},"thumbnailUrl":"https:\/\/blog.dooherceg.ba\/nl\/wp-content\/uploads\/sites\/10\/2023\/11\/IMG_02041-scaled.jpg","datePublished":"2023-11-13T10:54:37+00:00","dateModified":"2024-02-08T06:29:48+00:00","description":"In ons bedrijf HERCEG d.o.o. hebben wij vanaf het begin bij de productie van ramen en deuren de nadruk gelegd op kwaliteit.","breadcrumb":{"@id":"https:\/\/blog.dooherceg.ba\/nl\/blog\/2023\/11\/13\/herceg-wood-een-project-dat-onze-productie-en-ons-productaanbod-zal-verbeteren\/#breadcrumb"},"inLanguage":"nl-NL","potentialAction":[{"@type":"ReadAction","target":["https:\/\/blog.dooherceg.ba\/nl\/blog\/2023\/11\/13\/herceg-wood-een-project-dat-onze-productie-en-ons-productaanbod-zal-verbeteren\/"]}]},{"@type":"ImageObject","inLanguage":"nl-NL","@id":"https:\/\/blog.dooherceg.ba\/nl\/blog\/2023\/11\/13\/herceg-wood-een-project-dat-onze-productie-en-ons-productaanbod-zal-verbeteren\/#primaryimage","url":"https:\/\/blog.dooherceg.ba\/nl\/wp-content\/uploads\/sites\/10\/2023\/11\/IMG_02041-scaled.jpg","contentUrl":"https:\/\/blog.dooherceg.ba\/nl\/wp-content\/uploads\/sites\/10\/2023\/11\/IMG_02041-scaled.jpg","width":2560,"height":1701},{"@type":"BreadcrumbList","@id":"https:\/\/blog.dooherceg.ba\/nl\/blog\/2023\/11\/13\/herceg-wood-een-project-dat-onze-productie-en-ons-productaanbod-zal-verbeteren\/#breadcrumb","itemListElement":[{"@type":"ListItem","position":1,"name":"Home","item":"https:\/\/blog.dooherceg.ba\/nl\/"},{"@type":"ListItem","position":2,"name":"HERCEG WOOD: Een project dat onze productie en ons productaanbod zal verbeteren"}]},{"@type":"WebSite","@id":"https:\/\/blog.dooherceg.ba\/nl\/#website","url":"https:\/\/blog.dooherceg.ba\/nl\/","name":"Herceg d.o.o. blog","description":"","publisher":{"@id":"https:\/\/blog.dooherceg.ba\/nl\/#organization"},"potentialAction":[{"@type":"SearchAction","target":{"@type":"EntryPoint","urlTemplate":"https:\/\/blog.dooherceg.ba\/nl\/?s={search_term_string}"},"query-input":{"@type":"PropertyValueSpecification","valueRequired":true,"valueName":"search_term_string"}}],"inLanguage":"nl-NL"},{"@type":"Organization","@id":"https:\/\/blog.dooherceg.ba\/nl\/#organization","name":"Herceg d.o.o.","url":"https:\/\/blog.dooherceg.ba\/nl\/","logo":{"@type":"ImageObject","inLanguage":"nl-NL","@id":"https:\/\/blog.dooherceg.ba\/nl\/#\/schema\/logo\/image\/","url":"https:\/\/blog.dooherceg.ba\/nl\/wp-content\/uploads\/sites\/10\/2020\/12\/LOGO-HERCEG-transparent.png","contentUrl":"https:\/\/blog.dooherceg.ba\/nl\/wp-content\/uploads\/sites\/10\/2020\/12\/LOGO-HERCEG-transparent.png","width":1403,"height":971,"caption":"Herceg d.o.o."},"image":{"@id":"https:\/\/blog.dooherceg.ba\/nl\/#\/schema\/logo\/image\/"},"sameAs":["https:\/\/www.facebook.com\/dooherceg","https:\/\/ba.linkedin.com\/company\/herceg-d-o-o-","https:\/\/www.youtube.com\/channel\/UCHDln9nmssd__ol3YWafZHg"]},{"@type":"Person","@id":"https:\/\/blog.dooherceg.ba\/nl\/#\/schema\/person\/1124bea66d6483e5ab66790781f364cf","name":"Demir Kari\u0107","image":{"@type":"ImageObject","inLanguage":"nl-NL","@id":"https:\/\/blog.dooherceg.ba\/nl\/#\/schema\/person\/image\/","url":"https:\/\/secure.gravatar.com\/avatar\/83240fee59b0d0e95760ea750bcd6178e1812419573477ad6c670fa7452469d7?s=96&d=mm&r=g","contentUrl":"https:\/\/secure.gravatar.com\/avatar\/83240fee59b0d0e95760ea750bcd6178e1812419573477ad6c670fa7452469d7?s=96&d=mm&r=g","caption":"Demir Kari\u0107"},"sameAs":["http:\/\/administrator@dooherceg.ba"],"url":"https:\/\/blog.dooherceg.ba\/nl\/blog\/author\/demirk\/"}]}},"_links":{"self":[{"href":"https:\/\/blog.dooherceg.ba\/nl\/wp-json\/wp\/v2\/posts\/217","targetHints":{"allow":["GET"]}}],"collection":[{"href":"https:\/\/blog.dooherceg.ba\/nl\/wp-json\/wp\/v2\/posts"}],"about":[{"href":"https:\/\/blog.dooherceg.ba\/nl\/wp-json\/wp\/v2\/types\/post"}],"author":[{"embeddable":true,"href":"https:\/\/blog.dooherceg.ba\/nl\/wp-json\/wp\/v2\/users\/2"}],"replies":[{"embeddable":true,"href":"https:\/\/blog.dooherceg.ba\/nl\/wp-json\/wp\/v2\/comments?post=217"}],"version-history":[{"count":11,"href":"https:\/\/blog.dooherceg.ba\/nl\/wp-json\/wp\/v2\/posts\/217\/revisions"}],"predecessor-version":[{"id":351,"href":"https:\/\/blog.dooherceg.ba\/nl\/wp-json\/wp\/v2\/posts\/217\/revisions\/351"}],"wp:featuredmedia":[{"embeddable":true,"href":"https:\/\/blog.dooherceg.ba\/nl\/wp-json\/wp\/v2\/media\/262"}],"wp:attachment":[{"href":"https:\/\/blog.dooherceg.ba\/nl\/wp-json\/wp\/v2\/media?parent=217"}],"wp:term":[{"taxonomy":"category","embeddable":true,"href":"https:\/\/blog.dooherceg.ba\/nl\/wp-json\/wp\/v2\/categories?post=217"},{"taxonomy":"post_tag","embeddable":true,"href":"https:\/\/blog.dooherceg.ba\/nl\/wp-json\/wp\/v2\/tags?post=217"}],"curies":[{"name":"wp","href":"https:\/\/api.w.org\/{rel}","templated":true}]}}